{"id":8125,"date":"2025-09-09T19:13:24","date_gmt":"2025-09-09T18:13:24","guid":{"rendered":"https:\/\/www.txantxangorri.info\/?p=8125"},"modified":"2025-09-09T19:13:24","modified_gmt":"2025-09-09T18:13:24","slug":"primera-diligencia-omnibus-valle-urola","status":"publish","type":"post","link":"https:\/\/www.txantxangorri.info\/es\/primera-diligencia-omnibus-valle-urola\/","title":{"rendered":"La primera diligencia-omnibus del valle del Urola"},"content":{"rendered":"<h3>La colecci\u00f3n Echeverria guarda desde hace m\u00e1s de medio siglo una de las dos ambulancias Fiat que restaur\u00f3 como autob\u00fas seg\u00fan el proyecto original<\/h3>\n<p><a href=\"https:\/\/www.txantxangorri.info\/es\/etiketak\/martin-garcia\"><em>Mart\u00edn Garc\u00eda<\/em><\/a><\/p>\n<p>Como muchos veh\u00edculos de Euskalherria en esa \u00e9poca, un coche de la Primera Guerra Mundial, en este caso dos ambulancias, se reconvirtieron a \u00f3mnibus para hacer la l\u00ednea \u2018Estaci\u00f3n Norte de Zumarraga-Zestoa y balnearios\u2019. Hablamos de la segunda d\u00e9cada del siglo XX, y el modelo que reconvirti\u00f3 esa concesionaria de tal l\u00ednea, junto con la Compa\u00f1\u00eda italiana Sita como socio, fueron dos Fiat 15 Ter.<\/p>\n<p>La Fiat proyect\u00f3 dos variantes del 15 Ter para dicha guerra, uno como ambulancia; y, el otro, para remolcar ca\u00f1ones y transportar tropas. El \u00f3mnibus que vemos, es desde 1960 propiedad de la familia Echeverria de Ataun, y su restauraci\u00f3n se hizo minuciosamente, tras un larga y costosa reconstrucci\u00f3n hist\u00f3rica.<\/p>\n<p>Todos esos miles de coches que quedaron parados y sin funciones tras la contienda, hab\u00eda que reconvertirlos ahora para la vida civil. Los precios de los nuevos entonces eran prohibitivos para una modesta l\u00ednea de \u00f3mnibus, de ah\u00ed que los socios de esta nueva l\u00ednea Zumarraga-Zestoa decidieran adaptar dos de segunda mano para tales cometidos, y ambos fueron esos modelos Fiat 15 Ter. Vinieron desde Italia, comprados por la firma de Azkoitia \u2018Autos Azpeitia-Arrona\u2019 a la italiana Sita, con el \u00fanico cometido de dar dicho servicio de Zumarraga a Zestoa.<\/p>\n<p>La nueva l\u00ednea estaba participada por Sita al 50% de los gastos y de los beneficios, f\u00f3rmula utilizada despu\u00e9s por otras compa\u00f1\u00edas, entre ellas tambi\u00e9n la Hispano-Suiza de la que hablaremos en otras cr\u00f3nicas al estudiar sus modelos de coches. A la hora de adaptar los Fiat para tal cometido, dicha empresa tambi\u00e9n llev\u00f3 ambos coches a Ormaiztegi para carrozarlos conforme a las normas que Sita ten\u00eda de la f\u00e1brica Fiat de Italia.<\/p>\n<p>Los hermanos Cecilio y Jos\u00e9 Lorenzo Irizar carrozaron ambos veh\u00edculos en 1919, tras el Berliet de la \u2018Tejer\u00eda Zelaikoa\u2019, y lo hicieron conforme al proyecto original de la casa Fiat que hemos dicho. Una vez adaptados ambos coches al transporte de pasajeros, estuvieron dando ese servicio Zumarraga-Zestoa hasta casi finalizar la tercera d\u00e9cada del siglo XX, momento en que debieron de cerrar la l\u00ednea por la irrupci\u00f3n del \u2018tren del Urola\u2019 en 1926.<\/p>\n<p>Este tren el\u00e9ctrico de v\u00eda estrecha les fue quitando poco a poco clientela hasta obligarles a cerrar la l\u00ednea. Los socios vendieron entonces ambos veh\u00edculos por no poder competir con el tren. Un coche se fue entonces al palacio Insausti de Azkoitia para transportar zapatillas de esparto, hortalizas, verduras, etc. a las ferias; y, el otro, lo compr\u00f3 el hotel Arocena de Zestoa para dar servicio a su clientela. La foto del coche Fiat 15 Ter reconvertido es la del cuadro de fotos.<\/p>\n<p>Fue en 1960, cuando Jes\u00fas Echeverria (padre), decidi\u00f3 emprender la aventura de comprar ese veh\u00edculo que estaba abandonado y mal conservado en dicho palacio de Insausti. Era l\u00f3gico su estado, pues hab\u00edan pasado ya m\u00e1s de cuatro d\u00e9cadas desde su primera reconstrucci\u00f3n. Ahora quer\u00eda emprender una nueva restauraci\u00f3n hist\u00f3rica de acuerdo con el proyecto original de la casa. Los Echeverria se dirigieron a la casa Fiat de Italia para pedirles informaci\u00f3n e iniciar el nuevo proyecto con sus instrucciones. La casa les dio todo tipo de facilidades para iniciar su restauraci\u00f3n con la garant\u00eda del proyecto que Fiat les envi\u00f3 en ese sobre de la foto 2.<\/p>\n<p><script async src=\"https:\/\/pagead2.googlesyndication.com\/pagead\/js\/adsbygoogle.js?client=ca-pub-6348378977885706\" crossorigin=\"anonymous\"><\/script><br \/>\n<!-- Iragarki laukia --><br \/>\n<ins class=\"adsbygoogle\" style=\"display: block;\" data-ad-client=\"ca-pub-6348378977885706\" data-ad-slot=\"9831795080\" data-ad-format=\"auto\" data-full-width-responsive=\"true\"><\/ins><br \/>\n<script>\n     (adsbygoogle = window.adsbygoogle || []).push({});\n<\/script><\/p>\n<p>Los Echeverria decidieron trasladar el proyecto a Joaqu\u00edn Irizar, de \u2018Carrocer\u00edas Irizar\u2019 de Lazkao, primero para ver qu\u00e9 le parec\u00eda el proyecto, y segundo para que viera su viabilidad como carrocero que era entonces. Dicho y hecho, dado que se involucr\u00f3 de tal manera en el proyecto original que, con la ayuda y visi\u00f3n de los Echeverria padre e hijo en cuanto a la parte mec\u00e1nica del modelo, el resultado final fue esa obra de arte que vemos en el cuadro de fotos 3a, 3b, 3c y 3d, 3e y 3f.<\/p>\n<p>Excepto la imagen del \u00f3mnibus completo seg\u00fan el proyecto, buena parte de las fotos del art\u00edculo se corresponden con las captadas en el raylle Biarritz-Donostia de inicios de 1969, donde vemos a la familia Echeverria en pleno, tanto en el habit\u00e1culo de pasajeros como en la cabina de conducci\u00f3n. En esta \u00faltima est\u00e1n los Echeverria padre e hijo con el carrocero Joaqu\u00edn Irizar de Lazkao, quien se sit\u00faa justo en medio de ambos en la foto 4. Una joya.<\/p>\n<h4><span style=\"color: #339966;\">Suscribete a la revista Txantxangorri en papel con todos los contenidos de la web, recetas, manualidades, articulos de colaboradores y m\u00e1s! <a href=\"https:\/\/belakodenda.es\/catalogo-de-productos\/txantxangorri-suscripcion-anual\/\" target=\"_blank\" rel=\"noopener\">suscribirte aqu\u00ed<\/a>.<\/span><\/h4>\n<table style=\"width: 100%;\">\n<tbody>\n<tr>\n<td style=\"width: 100.0000%;\">\n<hr \/>\n<p><i>S\u00edguenos en <a href=\"https:\/\/www.x.com\/Txantxangorri_a\/\" target=\"_blank\" rel=\"noopener\"><span style=\"color: #41a85f;\">X<\/span><\/a>, <a href=\"https:\/\/www.facebook.com\/txantxangorri.aldizkaria\" target=\"_blank\" rel=\"noopener\"><span style=\"color: #41a85f;\">Facebook<\/span><\/a> e <a href=\"https:\/\/www.instagram.com\/txantxangorrialdizkaria\/\" target=\"_blank\" rel=\"noopener\"><span style=\"color: #41a85f;\">Instagram<\/span><\/a> para seguir disfrutando de nuestros contenidos. Adem\u00e1s, si quieres hacernos llegar alguna propuesta o informarnos de alg\u00fan evento puedes escribirnos a <a href=\"mailto:txantxangorri@txantxangorri.info\" data-fr-linked=\"true\"><span style=\"color: #41a85f;\">txantxangorri@txantxangorri.info<\/span><\/a>.<\/i><\/td>\n<\/tr>\n<\/tbody>\n<\/table>\n<p><script async src=\"https:\/\/pagead2.googlesyndication.com\/pagead\/js\/adsbygoogle.js?client=ca-pub-6348378977885706\" crossorigin=\"anonymous\"><\/script><br \/>\n<!-- Iragarki laukia --><br \/>\n<ins class=\"adsbygoogle\" style=\"display: block;\" data-ad-client=\"ca-pub-6348378977885706\" data-ad-slot=\"9831795080\" data-ad-format=\"auto\" data-full-width-responsive=\"true\"><\/ins><br \/>\n<script>\n     (adsbygoogle = window.adsbygoogle || []).push({});\n<\/script><\/p>\n","protected":false},"excerpt":{"rendered":"<p>Hablamos de la segunda d\u00e9cada del siglo XX, y el modelo que reconvirti\u00f3 esa concesionaria de tal l\u00ednea, junto con la Compa\u00f1\u00eda italiana Sita como socio, fueron dos Fiat 15 Ter.<\/p>\n","protected":false},"author":2,"featured_media":8156,"comment_status":"open","ping_status":"closed","sticky":false,"template":"","format":"standard","meta":{"footnotes":""},"categories":[469,470],"tags":[2468,2391,832,2321],"class_list":["post-8125","post","type-post","status-publish","format-standard","has-post-thumbnail","hentry","category-destacado","category-cultura","tag-autobus","tag-automocion","tag-martin-garcia-garmendia-es","tag-urola-es"],"_links":{"self":[{"href":"https:\/\/www.txantxangorri.info\/es\/wp-json\/wp\/v2\/posts\/8125","targetHints":{"allow":["GET"]}}],"collection":[{"href":"https:\/\/www.txantxangorri.info\/es\/wp-json\/wp\/v2\/posts"}],"about":[{"href":"https:\/\/www.txantxangorri.info\/es\/wp-json\/wp\/v2\/types\/post"}],"author":[{"embeddable":true,"href":"https:\/\/www.txantxangorri.info\/es\/wp-json\/wp\/v2\/users\/2"}],"replies":[{"embeddable":true,"href":"https:\/\/www.txantxangorri.info\/es\/wp-json\/wp\/v2\/comments?post=8125"}],"version-history":[{"count":2,"href":"https:\/\/www.txantxangorri.info\/es\/wp-json\/wp\/v2\/posts\/8125\/revisions"}],"predecessor-version":[{"id":8167,"href":"https:\/\/www.txantxangorri.info\/es\/wp-json\/wp\/v2\/posts\/8125\/revisions\/8167"}],"wp:featuredmedia":[{"embeddable":true,"href":"https:\/\/www.txantxangorri.info\/es\/wp-json\/wp\/v2\/media\/8156"}],"wp:attachment":[{"href":"https:\/\/www.txantxangorri.info\/es\/wp-json\/wp\/v2\/media?parent=8125"}],"wp:term":[{"taxonomy":"category","embeddable":true,"href":"https:\/\/www.txantxangorri.info\/es\/wp-json\/wp\/v2\/categories?post=8125"},{"taxonomy":"post_tag","embeddable":true,"href":"https:\/\/www.txantxangorri.info\/es\/wp-json\/wp\/v2\/tags?post=8125"}],"curies":[{"name":"wp","href":"https:\/\/api.w.org\/{rel}","templated":true}]}}