{"id":7765,"date":"2025-06-01T13:04:35","date_gmt":"2025-06-01T12:04:35","guid":{"rendered":"https:\/\/www.txantxangorri.info\/?p=7765"},"modified":"2025-05-31T13:12:06","modified_gmt":"2025-05-31T12:12:06","slug":"plaza-mayor-de-ordizia-centenario-icono","status":"publish","type":"post","link":"https:\/\/www.txantxangorri.info\/es\/plaza-mayor-de-ordizia-centenario-icono\/","title":{"rendered":"Plaza Mayor de Ordizia, el centenario de un icono"},"content":{"rendered":"<h3>La cubierta de la Plaza Mayor de Ordizia se cre\u00f3 como una soluci\u00f3n est\u00e9tica al problema meteorol\u00f3gico los d\u00edas de mercado y se ha convertido en un se\u00f1a de identidad<\/h3>\n<p><a href=\"https:\/\/www.txantxangorri.info\/es\/etiketak\/amaia-nunez-es\"><em>Amaia N\u00fa\u00f1ez Yarza<\/em><\/a><\/p>\n<p>El 11 de junio se cumplir\u00e1n 100 a\u00f1os desde que se inaugur\u00f3 la cubierta de la Plaza Mayor de Ordizia. Surgi\u00f3 para dar soluci\u00f3n al problema de la lluvia para los puestos en el mercado. Un siglo m\u00e1s tarde, se ha convertido en uno de los s\u00edmbolos, tanto de la feria, como del municipio.<\/p>\n<p>Aunque el mercado semanal tenga m\u00e1s de cinco siglos de historia, no siempre se realiz\u00f3 en la plaza. Adem\u00e1s, tambi\u00e9n tienen constancia de que se celebraban ferias en el municipio antes de la fundaci\u00f3n de la villa amurallada en 1268, en el n\u00facleo de fundaci\u00f3n de la primitiva Ordizia que estaba en torno a la ermita de San Bartolom\u00e9, a pesar de no tener un d\u00eda concreto.<\/p>\n<p>Tras el incendio de la villa en 1512, recibi\u00f3 la Real Facultad para celebrar el mercado todos los mi\u00e9rcoles del a\u00f1o por la Reina Juana I de Castilla. <a href=\"https:\/\/www.txantxangorri.info\/es\/medio-siglo-de-rugby-en-ordizia\/\">Ordizia<\/a> era una villa amurallada con forma de elipse, con entradas a cada lado, llamadas Portal de Francia y Portal de Castilla. En un principio, el mercado semanal no ten\u00eda una ubicaci\u00f3n concreta en ese n\u00facleo urbano. \u00abAlgunos ten\u00edan la tienda debajo de casa, otros pon\u00edan una mesa delante de casa, un toldo&#8230;\u00bb, explica Gema Lopez, del Centro de Interpretaci\u00f3n D\u2019Elikatuz de la localidad.<\/p>\n<p>\u00abParece que el primer sitio en el que comenzaron a juntarse era un espacio que hab\u00eda al lado del portal de Francia\u00bb, en lo que hoy en d\u00eda es la plaza Nikolas Lekuona, frente al Palacio Barrena. \u00abUn lugar de entrada y salida importante de personas a la villa y, sin ser una plaza, un espacio p\u00fablico en el que s\u00ed que se pod\u00edan juntar los comerciantes que ven\u00edan a vender, no los que estaban todos los d\u00edas o los habituales\u00bb.<\/p>\n<p>La Plaza Mayor tampoco ocupaba el espacio que tiene hoy en d\u00eda. En el centro de la calle Mayor que un\u00eda las dos puertas de entrada al casco, exist\u00eda un espacio frente al Ayuntamiento, pero tambi\u00e9n hab\u00eda m\u00e1s casas, entre ellas el Palacio de los Lazkaibar Balda.<\/p>\n<p>En 1859 ese edificio se quem\u00f3 y desapareci\u00f3, por lo que qued\u00f3 un espacio \u00abm\u00e1s grande\u00bb para la plaza. \u00abA finales del siglo XIX, era cada vez mayor el n\u00famero de personas que ven\u00edan a vender al mercado y empezaron a pensar en hacer algo para proteger o guarecer los d\u00edas de mal tiempo a estas personas\u00bb. Con esa idea, incluso el propio ayuntamiento compr\u00f3 algunos edificios para darle forma a la plaza.<\/p>\n<p>Es en 1909 cuando se menciona por primera vez en un pleno la posibilidad de hacer algo en la plaza, pero cinco a\u00f1os antes hab\u00edan colocado la escultura de Andr\u00e9s de Urdaneta y el trabajo para moverla de ubicaci\u00f3n retrasa el proyecto hasta 1917. El consistorio encarg\u00f3 un proyecto de edificio destinado a mercado.<\/p>\n<p>El arquitecto Antonio Agirre present\u00f3 varias propuestas. Algunas eran provisionales con casetas de madera desmontables cubiertas con toldos o toldos anclados a las fachadas. Una vez desechados, plante\u00f3 un edificio m\u00e1s robusto. \u00abAh\u00ed ten\u00eda en cuenta algo que despu\u00e9s Jos\u00e9 Gurrutxaga tambi\u00e9n plante\u00f3 y era tener en cuenta el lugar y la parte est\u00e9tica\u00bb, explica. A pesar de presentar varias propuestas, ninguna de ellas sali\u00f3 adelante.<\/p>\n<h3>12 metros de altura<\/h3>\n<p>Unos a\u00f1os m\u00e1s tarde, en 1924, el Ayuntamiento encarg\u00f3 al arquitecto donostiarra Jose Gurrutxaga el proyecto para la Plaza Mayor de Ordizia. \u00abRemarca mucho la importancia de ser una plaza para el mercado, un lugar de compraventa de productos alimenticios, que hay que tener en cuenta la higiene, que haya una circulaci\u00f3n de aire\u2026 pero tambi\u00e9n se plantea que la est\u00e9tica es importante\u00bb, algo que no ser\u00eda tan importante de estar en un lugar menos c\u00e9ntrico.<\/p>\n<p>Su proyecto es b\u00e1sicamente el que conocemos hoy d\u00eda: una cubierta apoyada en las menos columnas posibles. \u00abPara no quitar la vista y la luz a los edificios colindantes eleva la altura a los 12 metros\u00bb, indica L\u00f3pez. Lo dise\u00f1\u00f3 en un estilo clasicista que sigue llamando la atenci\u00f3n de los visitantes.<\/p>\n<p><script async src=\"https:\/\/pagead2.googlesyndication.com\/pagead\/js\/adsbygoogle.js?client=ca-pub-6348378977885706\" crossorigin=\"anonymous\"><\/script><br \/>\n<!-- Iragarki laukia --><br \/>\n<ins class=\"adsbygoogle\" style=\"display: block;\" data-ad-client=\"ca-pub-6348378977885706\" data-ad-slot=\"9831795080\" data-ad-format=\"auto\" data-full-width-responsive=\"true\"><\/ins><br \/>\n<script>\n     (adsbygoogle = window.adsbygoogle || []).push({});\n<\/script><\/p>\n<p>En la mitad de la plaza el Arquitecto Gurrutxaga planteaba una entreplanta a media altura, \u00abpara que los d\u00edas de baile se pudiera colocar la banda de m\u00fasica, en los d\u00edas de mercado la polic\u00eda municipal para hacer labores de vigilancia&#8230;\u00bb. Esto finalmente no se construy\u00f3.<\/p>\n<p>Tambi\u00e9n inclu\u00eda un lucero con una vidriera. Esta se encarg\u00f3 a la empresa francesa J. H. Maumejean, que ten\u00eda sucursales en varias ciudades, entre otras San Sebasti\u00e1n. \u00abCAF hizo el dise\u00f1o y c\u00f3mo hab\u00eda que instalar esa vidriera. Ten\u00eda unas dimensiones de 3&#215;4 metros y estaba dividida en 48 huecos de 0,5&#215;0,5, ten\u00eda una cenefa decorada con motivos florales y frutales. Aparte de la cenefa, la vidriera tambi\u00e9n ten\u00eda esos motivos en el resto del dise\u00f1o\u00bb, explica.<\/p>\n<p>La vidriera comenz\u00f3 a tener problemas de filtraci\u00f3n y, en 1958 realizaron unas obras para impermeabilizarla. \u00abEl arquitecto en ese momento, Joaqu\u00edn Dom\u00ednguez, decide quitar la vidriera. Consideran que el lucernario no es necesario\u00bb.<\/p>\n<p>Las obras del proyecto se aprobaron con un presupuesto de 133.999 pesetas a Francisco de Egia, que ten\u00eda un plazo de 4 meses, comenzando el 26 de mayo. Tard\u00f3 algo m\u00e1s de lo acordado, por lo que tuvo que pagar una indemnizaci\u00f3n de 2.000 pesetas. Para financiar las obras el Ayuntamiento sac\u00f3 unas \u2018obligaciones\u2019, una especie de bonos, que los vecinos compraban. El 18 de mayo de 1925 se aprob\u00f3 la liquidaci\u00f3n de las obras y se inaugur\u00f3 el 11 de junio de 1925.<\/p>\n<p>Adem\u00e1s de la est\u00e9tica, tambi\u00e9n fue \u00abnovedosa\u00bb la utilizaci\u00f3n de hormig\u00f3n armado para la construcci\u00f3n, un material que era nuevo en aquella \u00e9poca. La escultura de Urdaneta se mantuvo durante algunos a\u00f1os en la plaza, aunque finalmente se traslad\u00f3 al lugar en el que est\u00e1 en la actualidad.<\/p>\n<h4><span style=\"color: #339966;\">Si quieres recibir la revista Txantxangorri cada mes y leer los contenidos antes de que se publiquen online, puedes <a href=\"https:\/\/belakodenda.es\/catalogo-de-productos\/txantxangorri-suscripcion-anual\/\" target=\"_blank\" rel=\"noopener\">suscribirte aqu\u00ed<\/a>.<\/span><\/h4>\n<table style=\"width: 100%;\">\n<tbody>\n<tr>\n<td style=\"width: 100.0000%;\">\n<hr \/>\n<p><i>Si te ha gustado s\u00edguenos en <a href=\"https:\/\/www.x.com\/Txantxangorri_a\/\" target=\"_blank\" rel=\"noopener\"><span style=\"color: #41a85f;\">X<\/span><\/a>, <a href=\"https:\/\/www.facebook.com\/txantxangorri.aldizkaria\" target=\"_blank\" rel=\"noopener\"><span style=\"color: #41a85f;\">Facebook<\/span><\/a> e <a href=\"https:\/\/www.instagram.com\/txantxangorrialdizkaria\/\" target=\"_blank\" rel=\"noopener\"><span style=\"color: #41a85f;\">Instagram<\/span><\/a> para seguir disfrutando de nuestros contenidos. Adem\u00e1s, si quieres hacernos llegar alguna propuesta o informarnos de alg\u00fan evento puedes escribirnos a <a href=\"mailto:txantxangorri@txantxangorri.info\" data-fr-linked=\"true\"><span style=\"color: #41a85f;\">txantxangorri@txantxangorri.info<\/span><\/a>.<\/i><\/td>\n<\/tr>\n<\/tbody>\n<\/table>\n<p><script async src=\"https:\/\/pagead2.googlesyndication.com\/pagead\/js\/adsbygoogle.js?client=ca-pub-6348378977885706\" crossorigin=\"anonymous\"><\/script><br \/>\n<!-- Iragarki laukia --><br \/>\n<ins class=\"adsbygoogle\" style=\"display: block;\" data-ad-client=\"ca-pub-6348378977885706\" data-ad-slot=\"9831795080\" data-ad-format=\"auto\" data-full-width-responsive=\"true\"><\/ins><br \/>\n<script>\n     (adsbygoogle = window.adsbygoogle || []).push({});\n<\/script><\/p>\n","protected":false},"excerpt":{"rendered":"<p>El 11 de junio se cumplir\u00e1n 100 a\u00f1os desde que se inaugur\u00f3 la cubierta de la Plaza Mayor de Ordizia. Surgi\u00f3 para dar soluci\u00f3n al problema de la lluvia para los puestos en el mercado. Un siglo m\u00e1s tarde, se ha convertido en uno de los s\u00edmbolos, tanto de la feria, como del municipio.<\/p>\n","protected":false},"author":2,"featured_media":7768,"comment_status":"open","ping_status":"closed","sticky":false,"template":"","format":"standard","meta":{"footnotes":""},"categories":[469,470],"tags":[1361,2418,893,1471,2417],"class_list":["post-7765","post","type-post","status-publish","format-standard","has-post-thumbnail","hentry","category-destacado","category-cultura","tag-amaia-nunez","tag-arquitectura","tag-goierri-es","tag-ordizia-es","tag-plaza"],"_links":{"self":[{"href":"https:\/\/www.txantxangorri.info\/es\/wp-json\/wp\/v2\/posts\/7765","targetHints":{"allow":["GET"]}}],"collection":[{"href":"https:\/\/www.txantxangorri.info\/es\/wp-json\/wp\/v2\/posts"}],"about":[{"href":"https:\/\/www.txantxangorri.info\/es\/wp-json\/wp\/v2\/types\/post"}],"author":[{"embeddable":true,"href":"https:\/\/www.txantxangorri.info\/es\/wp-json\/wp\/v2\/users\/2"}],"replies":[{"embeddable":true,"href":"https:\/\/www.txantxangorri.info\/es\/wp-json\/wp\/v2\/comments?post=7765"}],"version-history":[{"count":5,"href":"https:\/\/www.txantxangorri.info\/es\/wp-json\/wp\/v2\/posts\/7765\/revisions"}],"predecessor-version":[{"id":7814,"href":"https:\/\/www.txantxangorri.info\/es\/wp-json\/wp\/v2\/posts\/7765\/revisions\/7814"}],"wp:featuredmedia":[{"embeddable":true,"href":"https:\/\/www.txantxangorri.info\/es\/wp-json\/wp\/v2\/media\/7768"}],"wp:attachment":[{"href":"https:\/\/www.txantxangorri.info\/es\/wp-json\/wp\/v2\/media?parent=7765"}],"wp:term":[{"taxonomy":"category","embeddable":true,"href":"https:\/\/www.txantxangorri.info\/es\/wp-json\/wp\/v2\/categories?post=7765"},{"taxonomy":"post_tag","embeddable":true,"href":"https:\/\/www.txantxangorri.info\/es\/wp-json\/wp\/v2\/tags?post=7765"}],"curies":[{"name":"wp","href":"https:\/\/api.w.org\/{rel}","templated":true}]}}