{"id":7747,"date":"2025-06-01T13:14:10","date_gmt":"2025-06-01T12:14:10","guid":{"rendered":"https:\/\/www.txantxangorri.info\/?p=7747"},"modified":"2025-05-31T13:14:38","modified_gmt":"2025-05-31T12:14:38","slug":"primeras-carreras-de-coches-gipuzkoa","status":"publish","type":"post","link":"https:\/\/www.txantxangorri.info\/es\/primeras-carreras-de-coches-gipuzkoa\/","title":{"rendered":"Las primeras carreras de coches en Gipuzkoa"},"content":{"rendered":"<h3>Nuestra provincia fue pionera en las carreras de coches a principios del siglo pasado, copiadas de Francia<\/h3>\n<p><a href=\"https:\/\/www.txantxangorri.info\/es\/etiketak\/martin-garcia\"><em>Mart\u00edn Garc\u00eda<\/em><\/a><\/p>\n<p>En 1901 se matricularon en Espa\u00f1a 47 coches, 36 de ellos en Donostia, seg\u00fan la documentaci\u00f3n que se guarda en la Jefatura de Tr\u00e1fico. Tal vez por eso Gipuzkoa fue pionera en crear las primeras carreras de coches de monta\u00f1a, como la subida a Igeldo que el RCAG organiz\u00f3 el 22\/4\/1908. Esa y otras pruebas m\u00e1s despu\u00e9s, dado que el circuito de Lasarte no comenz\u00f3 hasta 1923. A estas primeras carreras ayud\u00f3 mucho su cercan\u00eda con Francia, l\u00edder entonces en todo lo referente a este incipiente deporte y gran industria.<\/p>\n<p>Estas primeras carreras causaron furor entre la gente, de forma que algunas hasta se convirtieron despu\u00e9s en las grandes cl\u00e1sicas que hoy conocemos: Le Mans, Monza, M\u00f3naco, etc. El \u201cI Campeonato del Mundo de Coches\u201d se celebr\u00f3 en Italia en 1925, y sirvi\u00f3 para ir unificando normas hasta llegar al automovilismo de competici\u00f3n actual. La f\u00f3rmula I empez\u00f3 en 1950.<\/p>\n<p>Fue en abril de 1908 cuando Hispano Suiza empez\u00f3 a competir para promocionar su marca, creada el 14\/7\/1904. Lo hizo en Igeldo con dos coches, y fue primera en su categor\u00eda con el modelo 20HP. En septiembre de 1909 volvi\u00f3 a ganar all\u00ed en su categor\u00eda, con Zucarelli, quien tambi\u00e9n gan\u00f3 el circuito Irura-Villabona y la subida al Mont Ventoux en la Provenza pilotando el coche 12\/15HP de la foto 1. En 1910 gan\u00f3 los Grand Prix de Ostende y Boulogne compitiendo con los mejores coches del mundo en su categor\u00eda, y en la d\u00e9cada siguiente muchas m\u00e1s pruebas.<\/p>\n<h3>Biplano guipuzcoano<\/h3>\n<p>Para organizar todo esto hubo que andar mucho camino, y ah\u00ed esos primeros \u2018sportsman\u2019 de aqu\u00ed, entendiendo como tales a ciertos practicantes que hac\u00edan deporte de forma limpia, y que hasta se implicaron despu\u00e9s en la organizaci\u00f3n de eventos, donde trabajaron mucho y bien, seg\u00fan veremos ahora. La mayor\u00eda eran de clase social alta, y entre ellos estaban los donostiarras Vicente Ameztoy, Felipe Azkona y Juan Mugica (hijo del due\u00f1o de \u2018Herederos de Ram\u00f3n Mugica\u2019), quienes hasta construyeron un biplano e intentaron volar con \u00e9l en Vitoria el 17\/5\/1909.<\/p>\n<p>A este Ameztoy, que hizo de piloto en esa primera prueba a\u00e9rea, tambi\u00e9n le veremos despu\u00e9s siendo vicepresidente de RACG con Vicente Rezola de mandatario. Otro fue Ram\u00f3n Irazusta, se\u00f1alado con dos c\u00edrculos rojos en las fotos 2a y 2b, al que vemos esquiando en la segunda foto de 1908, junto a su famoso Fiat. A\u00f1os despu\u00e9s este Ram\u00f3n Irazusta fue vicepresidente del RACG.<\/p>\n<p>Otro deporte de motor, muy ligado entonces a las carreras de coches, eran las pruebas de motos, que arrastraban muchos aficionados. Se recuerda la celebraci\u00f3n de una carrera a Igeldo ya en 1903, aunque la creaci\u00f3n del \u2018Moto Club de Guipuzcoa\u2019 se hizo tras una excursi\u00f3n de \u2018moteros\u2019 a fiestas de Villafranca el 19\/8\/1915. (sic)<\/p>\n<p>De este nuevo \u2018Moto Club\u2019, dado que antes hubo otro que desapareci\u00f3 hacia 1912, sali\u00f3 elegido presidente Miguel de Urreta, y aqu\u00ed tambi\u00e9n vemos al gran Ram\u00f3n Irazusta como vicepresidente. Lo cuentan Joaqu\u00edn Zabalza y Enrique Aguirre, autores del libro \u2018El motociclismo guipuzcoano: 100 a\u00f1os del Real Moto Club Gipuzkoa (1915-2015)\u2019.<\/p>\n<p>Ese era el esp\u00edritu de los \u2018sportsman\u2019 de la \u00e9poca. Incluso en el monta\u00f1ismo, pues Antxon Bandr\u00e9s Azkue tambi\u00e9n estaba organizando ya salidas monta\u00f1eras al Gorbea en 1912 con id\u00e9ntica filosof\u00eda: deporte limpio; y, \u00e9ste, loando adem\u00e1s los beneficios del ejercicio al aire libre (doce a\u00f1os despu\u00e9s fue el primer presidente de la FVNM), seg\u00fan lo recoge Antxon Iturriza en su libro \u2018Historia del Monta\u00f1ismo Vasco\u2019.<\/p>\n<p><script async src=\"https:\/\/pagead2.googlesyndication.com\/pagead\/js\/adsbygoogle.js?client=ca-pub-6348378977885706\" crossorigin=\"anonymous\"><\/script><br \/>\n<!-- Iragarki laukia --><br \/>\n<ins class=\"adsbygoogle\" style=\"display: block;\" data-ad-client=\"ca-pub-6348378977885706\" data-ad-slot=\"9831795080\" data-ad-format=\"auto\" data-full-width-responsive=\"true\"><\/ins><br \/>\n<script>\n     (adsbygoogle = window.adsbygoogle || []).push({});\n<\/script><\/p>\n<p>Y as\u00ed siguieron otros despu\u00e9s en este nuevo mundo del autom\u00f3vil. En la foto 3 vemos el hist\u00f3rico Hispano Suiza 15\/20 de 1913, \u00fanico aqu\u00ed en su serie, de matr\u00edcula HU 55. El coche adquirido en Galicia tiene una gran historia detr\u00e1s que veremos en el pr\u00f3ximo art\u00edculo. En la foto vemos a <a href=\"https:\/\/www.txantxangorri.info\/es\/coche-electrico-ano-1898\/\">Echeverria<\/a> guiando la carga del coche.<\/p>\n<p>Decir tambi\u00e9n, que Agust\u00edn Ma\u00f1ero y Gregorio Mendiburu, due\u00f1os del Garaje Internacional en la capital, crearon all\u00ed el famoso coche Donosti que veremos igualmente despu\u00e9s. Ma\u00f1ero fue otro pionero en motores y aviones de \u00e9poca. Lo recordaba en sus memorias su nieto Agust\u00edn Ma\u00f1ero Fern\u00e1ndez.<\/p>\n<p>Tras la utilizaci\u00f3n de los campos de Ondarreta como aer\u00f3dromo ya en 1911, siendo Ram\u00f3n Irazusta representante de la asociaci\u00f3n OTIE (despu\u00e9s IATA), \u00e9ste tambi\u00e9n fue el primer \u2018adjudicatario-gestor\u2019 del nuevo aer\u00f3dromo de Lasarte, inaugurado el 24\/6\/1920. Para entonces Ram\u00f3n y su hijo ya hab\u00edan efectuado uno de los primeros vuelos a motor desde Biarritz con aterrizaje en Lasarte el 22\/8\/1919, seg\u00fan cuenta F\u00e9lix Elejalde en su libro \u2018La Avi\u00f3n en Gipuzkoa, 1908-1996, cr\u00f3nicas y an\u00e9cdotas\u2019. La primera menci\u00f3n documentada de aterrizajes en Lasarte es del 7\/5\/1919.<\/p>\n<h4><span style=\"color: #339966;\">Si quieres recibir la revista Txantxangorri cada mes y leer los contenidos antes de que se publiquen online, puedes <a href=\"https:\/\/belakodenda.es\/catalogo-de-productos\/txantxangorri-suscripcion-anual\/\" target=\"_blank\" rel=\"noopener\">suscribirte aqu\u00ed<\/a>.<\/span><\/h4>\n<table style=\"width: 100%;\">\n<tbody>\n<tr>\n<td style=\"width: 100.0000%;\">\n<hr \/>\n<p><i>Si te ha gustado s\u00edguenos en <a href=\"https:\/\/www.x.com\/Txantxangorri_a\/\" target=\"_blank\" rel=\"noopener\"><span style=\"color: #41a85f;\">X<\/span><\/a>, <a href=\"https:\/\/www.facebook.com\/txantxangorri.aldizkaria\" target=\"_blank\" rel=\"noopener\"><span style=\"color: #41a85f;\">Facebook<\/span><\/a> e <a href=\"https:\/\/www.instagram.com\/txantxangorrialdizkaria\/\" target=\"_blank\" rel=\"noopener\"><span style=\"color: #41a85f;\">Instagram<\/span><\/a> para seguir disfrutando de nuestros contenidos. Adem\u00e1s, si quieres hacernos llegar alguna propuesta o informarnos de alg\u00fan evento puedes escribirnos a <a href=\"mailto:txantxangorri@txantxangorri.info\" data-fr-linked=\"true\"><span style=\"color: #41a85f;\">txantxangorri@txantxangorri.info<\/span><\/a>.<\/i><\/td>\n<\/tr>\n<\/tbody>\n<\/table>\n<p><script async src=\"https:\/\/pagead2.googlesyndication.com\/pagead\/js\/adsbygoogle.js?client=ca-pub-6348378977885706\" crossorigin=\"anonymous\"><\/script><br \/>\n<!-- Iragarki laukia --><br \/>\n<ins class=\"adsbygoogle\" style=\"display: block;\" data-ad-client=\"ca-pub-6348378977885706\" data-ad-slot=\"9831795080\" data-ad-format=\"auto\" data-full-width-responsive=\"true\"><\/ins><br \/>\n<script>\n     (adsbygoogle = window.adsbygoogle || []).push({});\n<\/script><\/p>\n","protected":false},"excerpt":{"rendered":"<p>Las primeras carreras de coches causaron furor entre la gente, de forma que algunas hasta se convirtieron despu\u00e9s en las grandes cl\u00e1sicas que hoy conocemos: Le Mans, Monza, M\u00f3naco, etc. El \u201cI Campeonato del Mundo de Coches\u201d se celebr\u00f3 en Italia en 1925, y sirvi\u00f3 para ir unificando normas hasta llegar al automovilismo de competici\u00f3n actual.<\/p>\n","protected":false},"author":2,"featured_media":7762,"comment_status":"open","ping_status":"closed","sticky":false,"template":"","format":"standard","meta":{"footnotes":""},"categories":[469,470],"tags":[2391,1107,2407,832],"class_list":["post-7747","post","type-post","status-publish","format-standard","has-post-thumbnail","hentry","category-destacado","category-cultura","tag-automocion","tag-carreras","tag-coches-es","tag-martin-garcia-garmendia-es"],"_links":{"self":[{"href":"https:\/\/www.txantxangorri.info\/es\/wp-json\/wp\/v2\/posts\/7747","targetHints":{"allow":["GET"]}}],"collection":[{"href":"https:\/\/www.txantxangorri.info\/es\/wp-json\/wp\/v2\/posts"}],"about":[{"href":"https:\/\/www.txantxangorri.info\/es\/wp-json\/wp\/v2\/types\/post"}],"author":[{"embeddable":true,"href":"https:\/\/www.txantxangorri.info\/es\/wp-json\/wp\/v2\/users\/2"}],"replies":[{"embeddable":true,"href":"https:\/\/www.txantxangorri.info\/es\/wp-json\/wp\/v2\/comments?post=7747"}],"version-history":[{"count":3,"href":"https:\/\/www.txantxangorri.info\/es\/wp-json\/wp\/v2\/posts\/7747\/revisions"}],"predecessor-version":[{"id":7815,"href":"https:\/\/www.txantxangorri.info\/es\/wp-json\/wp\/v2\/posts\/7747\/revisions\/7815"}],"wp:featuredmedia":[{"embeddable":true,"href":"https:\/\/www.txantxangorri.info\/es\/wp-json\/wp\/v2\/media\/7762"}],"wp:attachment":[{"href":"https:\/\/www.txantxangorri.info\/es\/wp-json\/wp\/v2\/media?parent=7747"}],"wp:term":[{"taxonomy":"category","embeddable":true,"href":"https:\/\/www.txantxangorri.info\/es\/wp-json\/wp\/v2\/categories?post=7747"},{"taxonomy":"post_tag","embeddable":true,"href":"https:\/\/www.txantxangorri.info\/es\/wp-json\/wp\/v2\/tags?post=7747"}],"curies":[{"name":"wp","href":"https:\/\/api.w.org\/{rel}","templated":true}]}}