{"id":7422,"date":"2025-02-10T19:22:29","date_gmt":"2025-02-10T18:22:29","guid":{"rendered":"https:\/\/www.txantxangorri.info\/?p=7422"},"modified":"2025-03-12T20:02:31","modified_gmt":"2025-03-12T19:02:31","slug":"jornadas-muga-1000-anos-gipuzkoa","status":"publish","type":"post","link":"https:\/\/www.txantxangorri.info\/es\/jornadas-muga-1000-anos-gipuzkoa\/","title":{"rendered":"Jornadas Muga para celebrar los 1.000 a\u00f1os de Gipuzkoa"},"content":{"rendered":"<h3>El euskera, las mujeres, la historia o las manzanas ser\u00e1n los temas elegidos en las jornadas Muga para celebrar el milenio de Gipuzkoa<\/h3>\n<p><a href=\"https:\/\/www.txantxangorri.info\/es\/etiketak\/agurtzane-nunez-es\/\"><em>Agurtzane N\u00fa\u00f1ez Yarza<\/em><\/a><\/p>\n<p>Se cumplen diez siglos de la donaci\u00f3n del monasterio San Salvador de Olazabal, perteneciente al actual Altzo, por parte de Do\u00f1a Gaila y Garc\u00eda Azenariz de Ipuscoa. Sin que ellos lo sabr\u00edan, en ese documento mencionaron por primera vez a Gipuzkoa, &#8216;<a href=\"https:\/\/www.txantxangorri.info\/es\/gipuzkoa-1000-anos-primera-mencion\/\">Ipuscoa<\/a>&#8216;. Para conmemorar el milenio se han organizado en <a href=\"http:\/\/www.altzo.eus\" target=\"_blank\" rel=\"noopener\">Altzo<\/a> las Jornadas Muga (Mila Urtez Gipuzkoa Altzo), con dos conferencias sobre cinco temas.<\/p>\n<p>Todas las charlas ser\u00e1n los s\u00e1bados en la sala de <a href=\"https:\/\/maps.app.goo.gl\/eHiRUfBYHKwd3bhE8\" target=\"_blank\" rel=\"noopener\">Batzarremu\u00f1o<\/a> de Altzo, de 10:00 a 13:30. Cada conferencia tendr\u00e1 una duraci\u00f3n aproximada de una hora y al final se celebrar\u00e1 una mesa redonda.<\/p>\n<p>El 15 de febrero, el arque\u00f3logo Josu Narbarte Hernandez hablar\u00e1 sobre &#8216;El contexto socio-pol\u00edtico del siglo XI&#8217;, y a continuaci\u00f3n, el periodista y experto en historia de Euskal Herria Gaizka Aranguren Urrotz ofrecer\u00e1 la charla &#8216;Institucionalizaci\u00f3n a lo largo de la historia&#8217;. Para terminar, ambos participar\u00e1n en una mesa redonda titulada &#8216;Etorkizuna, estatus berria?&#8217;, conducida por Haritz Azurmendi.<\/p>\n<p>22 de febrero, &#8216;AltzotiK Altzora. Recorrido hist\u00f3rico&#8217;, a cargo del historiador David Zapirain Karrika. A continuaci\u00f3n Mikel Gorrotxategi Nieto, responsable del servicio de onom\u00e1stica de Euskaltzaindia, y Manu Olano Jauregi, profesor y ex alcalde, ofrecer\u00e1n la charla &#8216;Altzoko baserriak, bizimoduak eta beste&#8217;. A continuaci\u00f3n, el profesor y ex alcalde Agust\u00edn Amiano Gurrutxaga conducir\u00e1 la mesa de debate &#8216;Altzo bihar&#8217;.<\/p>\n<p>El 15 de marzo, la historiadora Agurtzane Paz Moro ofrecer\u00e1 la charla &#8216;Mujeres medievales. Descartando estereotipos&#8217;. A continuaci\u00f3n, la historiadora y escritora Cira Crespo Cabillo ofrecer\u00e1 la conferencia &#8216;La construcci\u00f3n de la mujer en la historia de Euskal Herria: una lectura decolonial&#8217;. Para terminar, las dos historiadoras participar\u00e1n en la mesa redonda &#8216;La reforma de la imagen de la mujer desde los cimientos&#8217;, bajo la direcci\u00f3n de Lorea Agirre Dorronsoro.<\/p>\n<p>El 22 de marzo, la charla &#8216;La importancia de la sidra en nuestra historia&#8217; correr\u00e1 a cargo del historiador Xabier Alberdi Lonbide, director de investigaci\u00f3n de la asociaci\u00f3n Albaola, y a continuaci\u00f3n, la historiadora Lurdes Odriozola Oiarbide ofrecer\u00e1 una charla sobre &#8216;Los caser\u00edos y la sidrer\u00eda, en Altzo&#8217;. A continuaci\u00f3n se celebrar\u00e1 una mesa redonda sobre &#8216;La sidrer\u00eda en el futuro&#8217; bajo la batuta del sagastizale Felix San Sebasti\u00e1n, con Unai Agirre Goia, coordinador de la denominaci\u00f3n de origen Euskal Sagardoa, Olatz Mitxelena Garmendia, coordinadora de la asociaci\u00f3n de sidreros de Gipuzkoa y Maite Retolaza Ojanguren, de la sidrer\u00eda Oiharte.<\/p>\n<p>La \u00faltima conferencia ser\u00e1 el 29 de marzo. EneKO Zuloaga San Rom\u00e1n ofrecer\u00e1 la charla &#8216;El idioma de relaci\u00f3n entre instituciones y ciudadanos hasta el siglo XIX&#8217;, y a continuaci\u00f3n I\u00f1igo Urrutia Libarena ofrecer\u00e1 la conferencia &#8216;El estado jur\u00eddico del euskera en las transiciones de los siglos XIX y XX&#8217;. Para terminar, Kike Amonarriz conducir\u00e1 la mesa redonda &#8216;Euskara, irabazi bidean?&#8217; con I\u00f1igo Urrutia, Nekane San Miguel Bergaretxe y Idurre Eskisabel Larra\u00f1aga, secretaria general de Euskalgintza.<\/p>\n<h4><span style=\"color: #339966;\">Si quieres recibir la revista Txantxangorri cada mes y leer los contenidos antes de que se publiquen online, puedes <a href=\"https:\/\/belakodenda.es\/catalogo-de-productos\/txantxangorri-suscripcion-anual\/\" target=\"_blank\" rel=\"noopener\">suscribirte aqu\u00ed<\/a>.<\/span><\/h4>\n<table style=\"width: 100%;\">\n<tbody>\n<tr>\n<td style=\"width: 100.0000%;\">\n<hr \/>\n<p><i>Si te ha gustado s\u00edguenos en <a href=\"https:\/\/www.x.com\/Txantxangorri_a\/\" target=\"_blank\" rel=\"noopener\"><span style=\"color: #41a85f;\">X<\/span><\/a>, <a href=\"https:\/\/www.facebook.com\/txantxangorri.aldizkaria\" target=\"_blank\" rel=\"noopener\"><span style=\"color: #41a85f;\">Facebook<\/span><\/a> e <a href=\"https:\/\/www.instagram.com\/txantxangorrialdizkaria\/\" target=\"_blank\" rel=\"noopener\"><span style=\"color: #41a85f;\">Instagram<\/span><\/a> para seguir disfrutando de nuestros contenidos. Adem\u00e1s, si quieres hacernos llegar alguna propuesta o informarnos de alg\u00fan evento puedes escribirnos a <a href=\"mailto:txantxangorri@txantxangorri.info\" data-fr-linked=\"true\"><span style=\"color: #41a85f;\">txantxangorri@txantxangorri.info<\/span><\/a>.<\/i><\/td>\n<\/tr>\n<\/tbody>\n<\/table>\n<p><script async src=\"https:\/\/pagead2.googlesyndication.com\/pagead\/js\/adsbygoogle.js?client=ca-pub-6348378977885706\" crossorigin=\"anonymous\"><\/script><br \/>\n<!-- Iragarki laukia --><br \/>\n<ins class=\"adsbygoogle\" style=\"display: block;\" data-ad-client=\"ca-pub-6348378977885706\" data-ad-slot=\"9831795080\" data-ad-format=\"auto\" data-full-width-responsive=\"true\"><\/ins><br \/>\n<script>\n     (adsbygoogle = window.adsbygoogle || []).push({});\n<\/script><br \/>\nt&gt;<\/p>\n","protected":false},"excerpt":{"rendered":"<p>Para conmemorar el milenio  de la primera menci\u00f3n de Gipuzkoa se han organizado en Altzo las jornadas Muga (Mila Urtez Gipuzkoa Altzo), con dos conferencias sobre cinco temas.<\/p>\n","protected":false},"author":2,"featured_media":7429,"comment_status":"open","ping_status":"closed","sticky":false,"template":"","format":"standard","meta":{"footnotes":""},"categories":[470,469],"tags":[2208,1096,504,1421,1020,2342],"class_list":["post-7422","post","type-post","status-publish","format-standard","has-post-thumbnail","hentry","category-cultura","category-destacado","tag-agurtzane-nunez-es","tag-altzo-es","tag-arqueologia-es","tag-gipuzkoa","tag-historia","tag-sagarrak-es"],"_links":{"self":[{"href":"https:\/\/www.txantxangorri.info\/es\/wp-json\/wp\/v2\/posts\/7422","targetHints":{"allow":["GET"]}}],"collection":[{"href":"https:\/\/www.txantxangorri.info\/es\/wp-json\/wp\/v2\/posts"}],"about":[{"href":"https:\/\/www.txantxangorri.info\/es\/wp-json\/wp\/v2\/types\/post"}],"author":[{"embeddable":true,"href":"https:\/\/www.txantxangorri.info\/es\/wp-json\/wp\/v2\/users\/2"}],"replies":[{"embeddable":true,"href":"https:\/\/www.txantxangorri.info\/es\/wp-json\/wp\/v2\/comments?post=7422"}],"version-history":[{"count":5,"href":"https:\/\/www.txantxangorri.info\/es\/wp-json\/wp\/v2\/posts\/7422\/revisions"}],"predecessor-version":[{"id":7434,"href":"https:\/\/www.txantxangorri.info\/es\/wp-json\/wp\/v2\/posts\/7422\/revisions\/7434"}],"wp:featuredmedia":[{"embeddable":true,"href":"https:\/\/www.txantxangorri.info\/es\/wp-json\/wp\/v2\/media\/7429"}],"wp:attachment":[{"href":"https:\/\/www.txantxangorri.info\/es\/wp-json\/wp\/v2\/media?parent=7422"}],"wp:term":[{"taxonomy":"category","embeddable":true,"href":"https:\/\/www.txantxangorri.info\/es\/wp-json\/wp\/v2\/categories?post=7422"},{"taxonomy":"post_tag","embeddable":true,"href":"https:\/\/www.txantxangorri.info\/es\/wp-json\/wp\/v2\/tags?post=7422"}],"curies":[{"name":"wp","href":"https:\/\/api.w.org\/{rel}","templated":true}]}}