{"id":6716,"date":"2024-11-07T19:06:59","date_gmt":"2024-11-07T18:06:59","guid":{"rendered":"https:\/\/www.txantxangorri.info\/?p=6716"},"modified":"2025-04-26T12:36:03","modified_gmt":"2025-04-26T11:36:03","slug":"urdaneta-grandes-logros-muy-importantes","status":"publish","type":"post","link":"https:\/\/www.txantxangorri.info\/es\/urdaneta-grandes-logros-muy-importantes\/","title":{"rendered":"\u00abUrdaneta hizo grandes logros, muy importantes en aquel momento\u00bb"},"content":{"rendered":"<h3>El legado de Andr\u00e9s de Urdaneta va m\u00e1s all\u00e1 de su faceta religiosa como monje agustino, casi considerable como el primer globalizador<\/h3>\n<p><em>Amaia N\u00fa\u00f1ez Yarza<\/em><\/p>\n<p>Casi todas las im\u00e1genes de <a href=\"http:\/\/www.andresurdaneta.org\/\" target=\"_blank\" rel=\"noopener\">Andr\u00e9s de Urdaneta<\/a> le muestran con el h\u00e1bito de fraile agustino. Esta faceta que abraz\u00f3 al final de su vida, ha hecho sombra a su trabajo como marino, ge\u00f3grafo y cosm\u00f3grafo que le hizo resolver el problema del paso desde Asia a Am\u00e9rica por el oc\u00e9ano Pac\u00edfico.<\/p>\n<p>Urdaneta naci\u00f3 en Villafranca en 1508 en una familia pudiente. Su madre, Gracia de Cerain, era hija de una importante familia due\u00f1a de ferrer\u00edas. Cuatro a\u00f1os m\u00e1s tarde se quem\u00f3 la <a href=\"https:\/\/issuu.com\/txantxangorri_aldizkaria\/docs\/txantxangorri_122\/10\" target=\"_blank\" rel=\"noopener\">villa<\/a>, cuando su padre era alcalde. Es entonces cuando parece que comienza la relaci\u00f3n de Andr\u00e9s de Urdaneta con el mar. \u00abEse incendio supuso una devastaci\u00f3n muy importante en la localidad, y se piensa que mientras estaban reconstruyendo la poblaci\u00f3n, la gente que pod\u00eda sali\u00f3 de aqu\u00ed. Parece que la madre ten\u00eda parientes en la costa y seguramente ir\u00edan hacia Getaria\u00bb, explica Gema L\u00f3pez, del Centro de Interpretaci\u00f3n <a href=\"https:\/\/www.delikatuz.com\/\" target=\"_blank\" rel=\"noopener\">D\u2019Elikatuz<\/a> de <a href=\"https:\/\/www.txantxangorri.info\/es\/medio-siglo-de-rugby-en-ordizia\/\">Ordizia<\/a>.<\/p>\n<p>De la juventud del marino no hay m\u00e1s pistas hasta que aparece entre los tripulantes que embarcaron en el Sancti Spiritus junto con Juan Sebasti\u00e1n Elcano, qui\u00e9n apoy\u00f3 su participaci\u00f3n en el que era su segundo viaje a Molucas. \u00abEra el lugar al que todos quer\u00edan ir porque era donde se cultivaban las especias: clavo, nuez moscada, jengibre, pimienta\u2026 eran tesoros\u00bb, indica.<\/p>\n<p>En el viaje fallece Elcano y Urdaneta es quien redacta su testamento. \u00abAh\u00ed se ve que, aparte de ser una persona preparada, ten\u00eda una relaci\u00f3n estrecha para que \u00e9ste conf\u00ede en un chaval de 17 a\u00f1os\u00bb, relata. Tambi\u00e9n mueren Garc\u00eda Jofre de Loaisa, que era quien llevaba la parte militar, adem\u00e1s de otros marinos. Muchos por comer ciguatera, esto es, pescado contaminado con una toxina.<br \/>\nSolamente lleg\u00f3 un barco a Molucas de los tres que zarparon.<\/p>\n<p>En ese momento, por el Tratado de Tordesillas que divid\u00eda el mundo, esa zona estaba en manos del Reino de Portugal y, por ello, no les dejaron volver a embarcar. \u00abUrdaneta, ya con esos a\u00f1os, ten\u00eda en mente, y no era el \u00fanico, que hab\u00eda que conseguir volver cruzando el oc\u00e9ano Pac\u00edfico\u00bb. Y es que dar la vuelta al mundo no era una soluci\u00f3n viable para el comercio de especias, ya que tardaron casi tres a\u00f1os.<\/p>\n<p>Urdaneta pas\u00f3 diez a\u00f1os en Molucas sin poder salir, pero en ese tiempo intent\u00f3 recopilar toda la documentaci\u00f3n posible: estudia las corrientes marinas, los vientos, aprende el t\u00e1galo&#8230; Tambi\u00e9n conoce a una chica de all\u00ed y tiene una hija, a la que pone de nombre Gracia, como su madre. Cuando pacta su regreso con los portugueses, trae consigo a su hija.<\/p>\n<p>El barco de regreso les lleva hasta Lisboa, y la Corona portuguesa le requisa toda su documentaci\u00f3n. A pesar de la gran p\u00e9rdida que supuso, escap\u00f3 con la ayuda del embajador de Portugal hasta Valladolid, donde estaba Carlos I, y redact\u00f3 de memoria toda la informaci\u00f3n de nuevo. \u00abEso demuestra que era una persona bien inteligente\u00bb, admite L\u00f3pez. Adem\u00e1s, Urdaneta indica al emperador que es capaz de hacer el viaje, para lo que tendr\u00eda que volver a M\u00e9xico. Para ello, vuelve a <a href=\"https:\/\/www.txantxangorri.info\/ordiziako-san-bartolome-ermita-gorpua\/\">Villafranca<\/a> y deja a su hija en manos de su hermano, Ochoa \u00c1lvarez de Urdaneta. La joven hizo vida con su familia paterna, se cas\u00f3 con Lope de Ai\u00e7aga y tuvo varios hijos.<\/p>\n<p>Andr\u00e9s de Urdaneta, mientras, esper\u00f3 en M\u00e9xico a organizar una nueva expedici\u00f3n. Al fallecer Miguel de Avellaneda, el Rey nombra a Ruiz de Villalobos para comandar la parte militar del viaje, pero este no cuenta con \u00e9l. Las expediciones que se hacen en esos a\u00f1os fracasan, al no acertar con el camino de vuelta. \u00abHasta que la Corona decide no financiar m\u00e1s viajes\u00bb.<\/p>\n<p>Tras muchos a\u00f1os de espera, con la decepci\u00f3n por no participar en las expediciones y otros temas, \u00able entra una crisis personal important\u00edsima, profesa y entra en la orden de los agustinos con 45 a\u00f1os\u00bb. Seis a\u00f1os m\u00e1s tarde, el Reino de Castilla decide retomar el proyecto, por la importancia de traer especias, y alguien propuso su nombre. Aunque acepta enseguida, impone una serie de condiciones: los barcos deben ser potentes, la gente tiene que ir bien preparada y bien pagada, con alimentos frescos suficientes, etc. Pasaron cinco a\u00f1os preparando el viaje.<\/p>\n<p><script async src=\"https:\/\/pagead2.googlesyndication.com\/pagead\/js\/adsbygoogle.js?client=ca-pub-6348378977885706\" crossorigin=\"anonymous\"><\/script><br \/>\n<!-- Iragarki laukia --><br \/>\n<ins class=\"adsbygoogle\" style=\"display: block;\" data-ad-client=\"ca-pub-6348378977885706\" data-ad-slot=\"9831795080\" data-ad-format=\"auto\" data-full-width-responsive=\"true\"><\/ins><br \/>\n<script>\n     (adsbygoogle = window.adsbygoogle || []).push({});\n<\/script><\/p>\n<p>Desde M\u00e9xico fueron a Filipinas y esperaron, ya que ten\u00eda claro que conven\u00eda comenzar la ruta hacia el verano. Zarparon el 1 de julio de 1565, por el estrecho de San Bernardino. \u00abUrdaneta lo que hace es subir en recto hasta la zona de Jap\u00f3n, para coger una corriente mar\u00edtima, la corriente del Kuro Shivo. \u00c9l pensaba -y era as\u00ed-, que pr\u00e1cticamente sin hacer casi esfuerzo, esa corriente les llevar\u00eda a Am\u00e9rica. Para el 1 de octubre, en cuatro meses, hab\u00edan llegado a la zona de Barra de Navidad\u00bb, el lugar de donde hab\u00edan partido.<\/p>\n<p>Todav\u00eda alarg\u00f3 el viaje una semana, para llegar a Acapulco, que ten\u00eda un puerto m\u00e1s seguro. \u00abRegresa a Espa\u00f1a casi como un h\u00e9roe, porque hab\u00eda conseguido lo que durante tant\u00edsimos a\u00f1os hab\u00edan estado intentando. Lo que \u00e9l llam\u00f3 el Tornaviaje\u00bb.<\/p>\n<p>Urdaneta volvi\u00f3 a M\u00e9xico, porque quer\u00eda repetir el viaje, pero \u00abhab\u00eda venido tocado del viaje\u00bb y falleci\u00f3 el 3 de junio de 1568, a los 60 a\u00f1os, en el convento de los agustinos de M\u00e9xico. \u00abEsa ruta que abri\u00f3 permiti\u00f3 unir Manila y Acapulco, y se estableci\u00f3 una ruta comercial que estuvo en vigor m\u00e1s de 200 a\u00f1os. De ah\u00ed sal\u00eda el Gale\u00f3n de Manila o la Nao de la China, que era un barco grande que hac\u00eda m\u00e1s o menos un par de viajes al a\u00f1o. Ha sido una de las grandes rutas comerciales. El inicio de la globalizaci\u00f3n\u00bb, explica la responsable de D\u2019Elikatuz.<\/p>\n<h4><span style=\"color: #339966;\">Si quieres recibir la revista Txantxangorri cada mes y leer los contenidos antes de que se publiquen online, puedes <a href=\"https:\/\/belakodenda.es\/catalogo-de-productos\/txantxangorri-suscripcion-anual\/\" target=\"_blank\" rel=\"noopener\">suscribirte aqu\u00ed<\/a>.<\/span><\/h4>\n<table style=\"width: 100%;\">\n<tbody>\n<tr>\n<td style=\"width: 100.0000%;\">\n<hr \/>\n<p><i>Si te ha gustado s\u00edguenos en <a href=\"https:\/\/www.x.com\/Txantxangorri_a\/\" target=\"_blank\" rel=\"noopener\"><span style=\"color: #41a85f;\">X<\/span><\/a>, <a href=\"https:\/\/www.facebook.com\/txantxangorri.aldizkaria\" target=\"_blank\" rel=\"noopener\"><span style=\"color: #41a85f;\">Facebook<\/span><\/a> e <a href=\"https:\/\/www.instagram.com\/txantxangorrialdizkaria\/\" target=\"_blank\" rel=\"noopener\"><span style=\"color: #41a85f;\">Instagram<\/span><\/a> para seguir disfrutando de nuestros contenidos. Adem\u00e1s, si quieres hacernos llegar alguna propuesta o informarnos de alg\u00fan evento puedes escribirnos a <a href=\"mailto:txantxangorri@txantxangorri.info\" data-fr-linked=\"true\"><span style=\"color: #41a85f;\">txantxangorri@txantxangorri.info<\/span><\/a>.<\/i><\/td>\n<\/tr>\n<\/tbody>\n<\/table>\n<p><script async src=\"https:\/\/pagead2.googlesyndication.com\/pagead\/js\/adsbygoogle.js?client=ca-pub-6348378977885706\" crossorigin=\"anonymous\"><\/script><br \/>\n<!-- Iragarki laukia --><br \/>\n<ins class=\"adsbygoogle\" style=\"display: block;\" data-ad-client=\"ca-pub-6348378977885706\" data-ad-slot=\"9831795080\" data-ad-format=\"auto\" data-full-width-responsive=\"true\"><\/ins><br \/>\n<script>\n     (adsbygoogle = window.adsbygoogle || []).push({});\n<\/script><\/p>\n","protected":false},"excerpt":{"rendered":"<p>Casi todas las im\u00e1genes de Andr\u00e9s Urdaneta le muestran con el h\u00e1bito de fraile agustino. Esta faceta que abraz\u00f3 al final de su vida, ha hecho sombra a su trabajo como marino, ge\u00f3grafo y cosm\u00f3grafo que le hizo resolver el problema del paso desde Asia a Am\u00e9rica por el oc\u00e9ano Pac\u00edfico.<\/p>\n","protected":false},"author":2,"featured_media":6770,"comment_status":"open","ping_status":"closed","sticky":false,"template":"","format":"standard","meta":{"footnotes":""},"categories":[470,469],"tags":[1361,2153,893,2155,1471,2154],"class_list":["post-6716","post","type-post","status-publish","format-standard","has-post-thumbnail","hentry","category-cultura","category-destacado","tag-amaia-nunez","tag-andres-de-urdaneta","tag-goierri-es","tag-mar","tag-ordizia-es","tag-tornaviaje"],"_links":{"self":[{"href":"https:\/\/www.txantxangorri.info\/es\/wp-json\/wp\/v2\/posts\/6716","targetHints":{"allow":["GET"]}}],"collection":[{"href":"https:\/\/www.txantxangorri.info\/es\/wp-json\/wp\/v2\/posts"}],"about":[{"href":"https:\/\/www.txantxangorri.info\/es\/wp-json\/wp\/v2\/types\/post"}],"author":[{"embeddable":true,"href":"https:\/\/www.txantxangorri.info\/es\/wp-json\/wp\/v2\/users\/2"}],"replies":[{"embeddable":true,"href":"https:\/\/www.txantxangorri.info\/es\/wp-json\/wp\/v2\/comments?post=6716"}],"version-history":[{"count":4,"href":"https:\/\/www.txantxangorri.info\/es\/wp-json\/wp\/v2\/posts\/6716\/revisions"}],"predecessor-version":[{"id":7680,"href":"https:\/\/www.txantxangorri.info\/es\/wp-json\/wp\/v2\/posts\/6716\/revisions\/7680"}],"wp:featuredmedia":[{"embeddable":true,"href":"https:\/\/www.txantxangorri.info\/es\/wp-json\/wp\/v2\/media\/6770"}],"wp:attachment":[{"href":"https:\/\/www.txantxangorri.info\/es\/wp-json\/wp\/v2\/media?parent=6716"}],"wp:term":[{"taxonomy":"category","embeddable":true,"href":"https:\/\/www.txantxangorri.info\/es\/wp-json\/wp\/v2\/categories?post=6716"},{"taxonomy":"post_tag","embeddable":true,"href":"https:\/\/www.txantxangorri.info\/es\/wp-json\/wp\/v2\/tags?post=6716"}],"curies":[{"name":"wp","href":"https:\/\/api.w.org\/{rel}","templated":true}]}}