{"id":6511,"date":"2024-09-25T16:48:06","date_gmt":"2024-09-25T15:48:06","guid":{"rendered":"https:\/\/www.txantxangorri.info\/?p=6511"},"modified":"2025-01-26T13:10:42","modified_gmt":"2025-01-26T12:10:42","slug":"juan-joxe-agirre-homenaje","status":"publish","type":"post","link":"https:\/\/www.txantxangorri.info\/es\/juan-joxe-agirre-homenaje\/","title":{"rendered":"Juan Joxe Agirre ser\u00e1 homenajeado en oto\u00f1o"},"content":{"rendered":"<h3>La Diputaci\u00f3n Foral de Gipuzkoa quiere poner en valor el \u00abtrabajo incansable y pionero\u00bb de Juan Joxe Agirre en Lazkao por la memoria cercana<\/h3>\n<p><em>Txantxangorri aldizkaria<\/em><\/p>\n<p>La Diputaci\u00f3n Foral de Gipuzkoa homenajear\u00e1 este oto\u00f1o a Juan Joxe Agirre Begiristain (Alegia, 1930), benedictino y archivero. Agirre ha desarrollado y cuidado durante m\u00e1s de medio siglo un fondo imprescindible para conocer la historia vasca contempor\u00e1nea y es fundador del archivo de los <a href=\"https:\/\/www.lbf.eus\/es\/\" target=\"_blank\" rel=\"noopener\">Benedictinos de Lazkao<\/a>. La direcci\u00f3n foral de Derechos Humanos y Cultura Democr\u00e1tica, en colaboraci\u00f3n con el Ayuntamiento de Lazkao y la comunidad benedictina de Lazkao, han organizado el acto de reconocimiento que tendr\u00e1 lugar en Lazkao.<\/p>\n<p>La Diputada General, Eider Mendoza, ha explicado que ser\u00e1 homenajeada por su \u00abincansable y pionera labor a favor de la memoria hist\u00f3rica y cercana\u00bb del Pa\u00eds Vasco.<\/p>\n<p>Juan Joxe Agirre se hizo cargo del archivo del monasterio benedictino de Lazkao en 1970. Siguiendo los estudios de Biblioteconom\u00eda ya adquiridos anteriormente en la abad\u00eda de Montserrat, Aguirre comenz\u00f3 a recoger fondos que no se guardaban en el resto de bibliotecas y archivos de la \u00e9poca, sino que eran singulares en su formato \u2013 panfletos, carteles, pegatinas, etc. \u2013 y que sal\u00edan tanto en el exilio como en la clandestinidad. As\u00ed, durante todos estos a\u00f1os se ha ido creando un gran archivo sobre temas vascos en el monasterio benedictino de <a href=\"https:\/\/www.txantxangorri.info\/es\/de-lazkao-a-olaberria\/\">Lazkao<\/a>, salvando de la desaparici\u00f3n gran parte del patrimonio documental vasco de las \u00faltimas d\u00e9cadas y poni\u00e9ndolo a disposici\u00f3n de los investigadores.<\/p>\n<p>Desde 2011, el fondo creado por Agirre es gestionado por la fundaci\u00f3n Lazkaoko Beneditarren Fundazioa, en el archivo construido junto al monasterio. La fundaci\u00f3n fue creada por la comunidad benedictina, el Ayuntamiento de Lazkao y la Diputaci\u00f3n Foral de Gipuzkoa, para dar continuidad y apoyo al trabajo realizado por el archivero benedictino. En la actualidad alberga, entre otros, 80.000 carteles, 35.000 pegatinas, 8.000 revistas, m\u00e1s de 150 colecciones documentales y 70 archivos recibidos en donaci\u00f3n, todos ellos fundamentales para el estudio y conocimiento del desarrollo hist\u00f3rico contempor\u00e1neo de Gipuzkoa y de Euskadi.<\/p>\n<p>Agirre ha recibido diversos reconocimientos por su trayectoria laboral y vital; la primera, concretamente, fue el Premio Sabino Arana, en 1995. Le siguieron el Premio Argizaiola de la Feria del Libro y del Disco Vasco de Durango (1998), la pluma honor\u00edfica de Euskal Pen Kluba (2007), el nombramiento como hijo predilecto de Alegia, el Premio Galtzaundi de Tolosa (2009) o el Premio Manuel Irujo (2009), entre otros.<\/p>\n<p>&nbsp;<\/p>\n<p><script async src=\"https:\/\/pagead2.googlesyndication.com\/pagead\/js\/adsbygoogle.js?client=ca-pub-6348378977885706\" crossorigin=\"anonymous\"><\/script><br \/>\n<!-- Iragarki laukia --><br \/>\n<ins class=\"adsbygoogle\" style=\"display: block;\" data-ad-client=\"ca-pub-6348378977885706\" data-ad-slot=\"9831795080\" data-ad-format=\"auto\" data-full-width-responsive=\"true\"><\/ins><br \/>\n<script>\n     (adsbygoogle = window.adsbygoogle || []).push({});\n<\/script><\/p>\n<h3><\/h3>\n<table style=\"width: 100%;\">\n<tbody>\n<tr>\n<td style=\"width: 100.0000%;\">\n<hr \/>\n<p><i>Si te ha gustado s\u00edguenos en <a href=\"https:\/\/www.x.com\/Txantxangorri_a\/\" target=\"_blank\" rel=\"noopener\"><span style=\"color: #41a85f;\">X<\/span><\/a>, <a href=\"https:\/\/www.facebook.com\/txantxangorri.aldizkaria\" target=\"_blank\" rel=\"noopener\"><span style=\"color: #41a85f;\">Facebook<\/span><\/a> e\u00a0<a href=\"https:\/\/www.instagram.com\/txantxangorrialdizkaria\/\" target=\"_blank\" rel=\"noopener\"><span style=\"color: #41a85f;\">Instagram<\/span><\/a> para seguir disfrutando de nuestros contenidos. Adem\u00e1s, si quieres hacernos llegar alguna propuesta o informarnos de alg\u00fan evento puedes escribirnos a <a href=\"mailto:txantxangorri@txantxangorri.info\" data-fr-linked=\"true\"><span style=\"color: #41a85f;\">txantxangorri@txantxangorri.info<\/span><\/a>.<\/i><\/td>\n<\/tr>\n<\/tbody>\n<\/table>\n<p><script async src=\"https:\/\/pagead2.googlesyndication.com\/pagead\/js\/adsbygoogle.js?client=ca-pub-6348378977885706\" crossorigin=\"anonymous\"><\/script><br \/>\n<!-- Iragarki laukia --><br \/>\n<ins class=\"adsbygoogle\" style=\"display: block;\" data-ad-client=\"ca-pub-6348378977885706\" data-ad-slot=\"9831795080\" data-ad-format=\"auto\" data-full-width-responsive=\"true\"><\/ins><br \/>\n<script>\n     (adsbygoogle = window.adsbygoogle || []).push({});\n<\/script><\/p>\n","protected":false},"excerpt":{"rendered":"<p>La Diputaci\u00f3n Foral de Gipuzkoa quiere poner en valor el \u00abtrabajo incansable y pionero\u00bb de Juan Joxe Agirre por la memoria cercana. Agirre ha desarrollado y cuidado durante m\u00e1s de medio siglo un fondo imprescindible para conocer la historia vasca contempor\u00e1nea y es fundador del archivo de los Benedictinos de Lazkao.<\/p>\n","protected":false},"author":2,"featured_media":6520,"comment_status":"open","ping_status":"closed","sticky":false,"template":"","format":"standard","meta":{"footnotes":""},"categories":[470],"tags":[2097,1020,2098,515],"class_list":["post-6511","post","type-post","status-publish","format-standard","has-post-thumbnail","hentry","category-cultura","tag-archivo","tag-historia","tag-juan-joxe-agirre-es","tag-lazkao-es"],"_links":{"self":[{"href":"https:\/\/www.txantxangorri.info\/es\/wp-json\/wp\/v2\/posts\/6511","targetHints":{"allow":["GET"]}}],"collection":[{"href":"https:\/\/www.txantxangorri.info\/es\/wp-json\/wp\/v2\/posts"}],"about":[{"href":"https:\/\/www.txantxangorri.info\/es\/wp-json\/wp\/v2\/types\/post"}],"author":[{"embeddable":true,"href":"https:\/\/www.txantxangorri.info\/es\/wp-json\/wp\/v2\/users\/2"}],"replies":[{"embeddable":true,"href":"https:\/\/www.txantxangorri.info\/es\/wp-json\/wp\/v2\/comments?post=6511"}],"version-history":[{"count":5,"href":"https:\/\/www.txantxangorri.info\/es\/wp-json\/wp\/v2\/posts\/6511\/revisions"}],"predecessor-version":[{"id":6531,"href":"https:\/\/www.txantxangorri.info\/es\/wp-json\/wp\/v2\/posts\/6511\/revisions\/6531"}],"wp:featuredmedia":[{"embeddable":true,"href":"https:\/\/www.txantxangorri.info\/es\/wp-json\/wp\/v2\/media\/6520"}],"wp:attachment":[{"href":"https:\/\/www.txantxangorri.info\/es\/wp-json\/wp\/v2\/media?parent=6511"}],"wp:term":[{"taxonomy":"category","embeddable":true,"href":"https:\/\/www.txantxangorri.info\/es\/wp-json\/wp\/v2\/categories?post=6511"},{"taxonomy":"post_tag","embeddable":true,"href":"https:\/\/www.txantxangorri.info\/es\/wp-json\/wp\/v2\/tags?post=6511"}],"curies":[{"name":"wp","href":"https:\/\/api.w.org\/{rel}","templated":true}]}}