{"id":6221,"date":"2024-08-07T12:42:29","date_gmt":"2024-08-07T11:42:29","guid":{"rendered":"https:\/\/www.txantxangorri.info\/?p=6221"},"modified":"2025-04-19T18:25:48","modified_gmt":"2025-04-19T17:25:48","slug":"la-escultura-decir-algo-lasa-navas","status":"publish","type":"post","link":"https:\/\/www.txantxangorri.info\/es\/la-escultura-decir-algo-lasa-navas\/","title":{"rendered":"Uxue Lasa y \u00c1ngel Navas: \u00abLa escultura te tiene que decir algo, ponerte feliz, de mala leche\u2026\u00bb"},"content":{"rendered":"<h3>Uxue Lasa y \u00c1ngel Navas realizan esculturas con el objetivo de emocionar a los espectadores<\/h3>\n<p><a href=\"https:\/\/www.txantxangorri.info\/es\/etiketak\/agurtzane-nunez-es\"><em>Agurtzane N\u00fa\u00f1ez Yarza<\/em><\/a><\/p>\n<p>Adem\u00e1s de crear una obra para expresar su arte, Uxue Lasa y \u00c1ngel Navas realizan esculturas con el objetivo de hacer reflexionar al espectador. \u00abTienen que salir cosas, que te diga algo, que te ponga feliz, de mala leche, que te deje fr\u00edo\u2026\u00bb, reflexiona \u00c1ngel Navas.<\/p>\n<p>Ambos han desarrollado su arte desde j\u00f3venes, aunque cada uno ha tenido una trayectoria diferente hasta llegar a la escultura: Uxue empez\u00f3 desde peque\u00f1a con talleres de cer\u00e1mica y \u00c1ngel particip\u00f3 de joven en diversas \u2018performances\u2019 y murales reivindicativos sobre diversos temas, aunque no se introdujo en la escultura hasta que conoci\u00f3 a Uxue.<\/p>\n<p>\u00abHemos heredado la libertad de poder hacer\u00bb, destaca Uxue Lasa, a\u00f1adiendo que \u00absi no te dejan manchar, si \u2018molesta\u2019 el olor a pintura\u2026 pues no puedes hacer nada. Pero si tienes suerte de tener c\u00f3mplices en la familia, desarrollas m\u00e1s las habilidades y la imaginaci\u00f3n\u00bb. Ese fue su caso, ya que proviene de una familia en la que, de una manera u otra, todos han estado relacionados con el arte. \u00abToda la familia ha dibujado\u00bb, recuerda: su t\u00edo abuelo, Jes\u00fas Olasagasti era pintor, su bisabuelo Vicente Ameztoy tambi\u00e9n pintaba y su t\u00edo, tambi\u00e9n Vicente Ameztoy, fue un conocido pintor surrealista.<\/p>\n<p>\u00abYo siempre he hecho cosas con volumen, pero siempre en miniatura\u00bb, indica Uxue Lasa, que cuando pas\u00f3 a vivir en el caser\u00edo en el que reside actualmente, admite que sus obras crecieron en tama\u00f1o. \u00abNo es lo mismo estar en un piso que en un caser\u00edo. Aqu\u00ed tienes sitio y empiezas a hacer cosas m\u00e1s grandes\u00bb.<\/p>\n<p>Para realizar sus <a href=\"https:\/\/www.txantxangorri.info\/es\/esculturas-voladoras-maria-cueto\/\">esculturas<\/a> ambos se inspiran en lo cercano, tanto en la historia y la mitolog\u00eda como en los acontecimientos de actualidad. Eso s\u00ed, siempre utilizan materiales reciclados a los que dan una segunda vida. \u00abMe gusta trabajar mucho con madera, piedra, pero tambi\u00e9n restos que busco en el monte, hierros. Ya con lo que tenemos no nos hace falta comprar nada, como mucho vamos a la chatarrer\u00eda\u00bb, explica \u00c1ngel Navas.<\/p>\n<p>Durante todo el a\u00f1o suelen mostrar sus trabajos en exposiciones tanto individuales como colectivas. \u00abLa \u00faltima que hice fue una instalaci\u00f3n en Intxaurrondo dentro de los Encuentros art\u00edsticos BAI. A m\u00ed me toc\u00f3 en una rotonda en la que hab\u00eda una escultura de Equipo 57, en la que estaban en su tiempo Oteiza, Ibarrola, etc. Hice una obra contra la guerra de Gaza, envolviendo unos maniqu\u00edes en mantas\u00bb, cuenta Uxue.<\/p>\n<p><script async src=\"https:\/\/pagead2.googlesyndication.com\/pagead\/js\/adsbygoogle.js?client=ca-pub-6348378977885706\" crossorigin=\"anonymous\"><\/script><br \/>\n<!-- Iragarki laukia --><br \/>\n<ins class=\"adsbygoogle\" style=\"display: block;\" data-ad-client=\"ca-pub-6348378977885706\" data-ad-slot=\"9831795080\" data-ad-format=\"auto\" data-full-width-responsive=\"true\"><\/ins><br \/>\n<script>\n     (adsbygoogle = window.adsbygoogle || []).push({});\n<\/script><br \/>\nAdem\u00e1s, tambi\u00e9n han participado en una muestra colectiva en homenaje a Ibarrola en el Palacio ducal de Medinaceli, en Soria, en la exposici\u00f3n de la asociaci\u00f3n de escultores vascos junto con artistas holandeses, en Villabona o en la exposici\u00f3n itinerante con motivo del descubrimiento de la mano de Irulegi por diversos pueblos de Navarra, o en la \u00faltima exposici\u00f3n que se inaugur\u00f3 en el museo <a href=\"http:\/\/www.urmara.com\" target=\"_blank\" rel=\"noopener\">Ur Mara<\/a> de Alkiza. \u00abEs de agradecer el espacio que han montado <a href=\"https:\/\/www.txantxangorri.info\/es\/evento\/dia-internacional-de-los-museos-en-ur-mara\/\">Koldobika Jauregi y Elena Cajaraville<\/a>, para darnos la oportunidad a otros escultores de exponer nuestro trabajo\u00bb, indican.<\/p>\n<p>La historia y la tradici\u00f3n son temas recurrentes en sus creaciones. \u00abMe gusta reflejar el tema de los ancestros, la cultura, la mitolog\u00eda, un mundo que tenemos tambi\u00e9n perdido. Entiendo la escultura como una denuncia, un compromiso, siempre un poco cr\u00edtico con todos los estamentos\u00bb, resume. Adem\u00e1s, ya desde joven comenz\u00f3 a sacar fotograf\u00edas de carteles, murales y otros detalles que le llamaban la curiosidad, y por ello, tiene todo un cat\u00e1logo de im\u00e1genes en los que inspirarse: \u00abhan pasado un mont\u00f3n de cosas en Tolosa desde hace un mont\u00f3n de a\u00f1os y eso hay que guardarlo\u00bb.<\/p>\n<p>Sus trabajos, la mayor\u00eda de gran formato, se caracterizan por la mezcla de materiales, atrevi\u00e9ndose a realizar diferentes propuestas. \u00abEs sano retarse, si no, te quedas estancado. A m\u00ed me apetece probar de todo\u00bb, admite Uxue. Eso s\u00ed, ambos trabajan de forma manual. \u00abMe gustan mucho las cosas que se notan que est\u00e1n hechas a mano. No me gusta que las superficies queden muy pulidas, que se vean las marcas de la m\u00e1quina, de la pincelada\u2026\u00bb.<\/p>\n<table style=\"width: 100%;\">\n<tbody>\n<tr>\n<td style=\"width: 100.0000%;\">\n<hr \/>\n<p><i>Si te ha gustado s\u00edguenos en <a href=\"https:\/\/www.x.com\/Txantxangorri_a\/\" target=\"_blank\" rel=\"noopener\"><span style=\"color: #41a85f;\">X<\/span><\/a>, <a href=\"https:\/\/www.facebook.com\/txantxangorri.aldizkaria\" target=\"_blank\" rel=\"noopener\"><span style=\"color: #41a85f;\">Facebook<\/span><\/a> e\u00a0<a href=\"https:\/\/www.instagram.com\/txantxangorrialdizkaria\/\" target=\"_blank\" rel=\"noopener\"><span style=\"color: #41a85f;\">Instagram<\/span><\/a> para seguir disfrutando de nuestros contenidos. Adem\u00e1s, si quieres hacernos llegar alguna propuesta o informarnos de alg\u00fan evento puedes escribirnos a <a href=\"mailto:txantxangorri@txantxangorri.info\" data-fr-linked=\"true\"><span style=\"color: #41a85f;\">txantxangorri@txantxangorri.info<\/span><\/a>.<\/i><\/td>\n<\/tr>\n<\/tbody>\n<\/table>\n<p><script async src=\"https:\/\/pagead2.googlesyndication.com\/pagead\/js\/adsbygoogle.js?client=ca-pub-6348378977885706\" crossorigin=\"anonymous\"><\/script><br \/>\n<!-- Iragarki laukia --><br \/>\n<ins class=\"adsbygoogle\" style=\"display: block;\" data-ad-client=\"ca-pub-6348378977885706\" data-ad-slot=\"9831795080\" data-ad-format=\"auto\" data-full-width-responsive=\"true\"><\/ins><br \/>\n<script>\n     (adsbygoogle = window.adsbygoogle || []).push({});\n<\/script><\/p>\n","protected":false},"excerpt":{"rendered":"<p>Adem\u00e1s de crear una obra para expresar su arte, Uxue Lasa y \u00c1ngel Navas realizan esculturas con el objetivo de hacer reflexionar al espectador. \u00abTienen que salir cosas, que te diga algo, que te ponga feliz, de mala leche, que te deje fr\u00edo\u2026\u00bb, reflexiona \u00c1ngel Navas.<\/p>\n","protected":false},"author":2,"featured_media":6210,"comment_status":"open","ping_status":"closed","sticky":false,"template":"","format":"standard","meta":{"footnotes":""},"categories":[470],"tags":[2007,938,939,1835,2006],"class_list":["post-6221","post","type-post","status-publish","format-standard","has-post-thumbnail","hentry","category-cultura","tag-angel-navas","tag-arte-es","tag-escultura-es","tag-pintura-es","tag-uxue-lasa"],"_links":{"self":[{"href":"https:\/\/www.txantxangorri.info\/es\/wp-json\/wp\/v2\/posts\/6221","targetHints":{"allow":["GET"]}}],"collection":[{"href":"https:\/\/www.txantxangorri.info\/es\/wp-json\/wp\/v2\/posts"}],"about":[{"href":"https:\/\/www.txantxangorri.info\/es\/wp-json\/wp\/v2\/types\/post"}],"author":[{"embeddable":true,"href":"https:\/\/www.txantxangorri.info\/es\/wp-json\/wp\/v2\/users\/2"}],"replies":[{"embeddable":true,"href":"https:\/\/www.txantxangorri.info\/es\/wp-json\/wp\/v2\/comments?post=6221"}],"version-history":[{"count":6,"href":"https:\/\/www.txantxangorri.info\/es\/wp-json\/wp\/v2\/posts\/6221\/revisions"}],"predecessor-version":[{"id":7625,"href":"https:\/\/www.txantxangorri.info\/es\/wp-json\/wp\/v2\/posts\/6221\/revisions\/7625"}],"wp:featuredmedia":[{"embeddable":true,"href":"https:\/\/www.txantxangorri.info\/es\/wp-json\/wp\/v2\/media\/6210"}],"wp:attachment":[{"href":"https:\/\/www.txantxangorri.info\/es\/wp-json\/wp\/v2\/media?parent=6221"}],"wp:term":[{"taxonomy":"category","embeddable":true,"href":"https:\/\/www.txantxangorri.info\/es\/wp-json\/wp\/v2\/categories?post=6221"},{"taxonomy":"post_tag","embeddable":true,"href":"https:\/\/www.txantxangorri.info\/es\/wp-json\/wp\/v2\/tags?post=6221"}],"curies":[{"name":"wp","href":"https:\/\/api.w.org\/{rel}","templated":true}]}}