{"id":5436,"date":"2024-02-07T21:27:48","date_gmt":"2024-02-07T20:27:48","guid":{"rendered":"https:\/\/www.txantxangorri.info\/?p=5436"},"modified":"2024-02-07T21:55:49","modified_gmt":"2024-02-07T20:55:49","slug":"paul-urkijo-calabaza-oro-ahoz-aho","status":"publish","type":"post","link":"https:\/\/www.txantxangorri.info\/es\/paul-urkijo-calabaza-oro-ahoz-aho\/","title":{"rendered":"Paul Urkijo recibir\u00e1 la Calabaza de Oro del Festival Ahoz Aho 2024"},"content":{"rendered":"<h3>El Festival Internacional de Narraci\u00f3n Oral homenajear\u00e1 al cineasta Paul Urkijo en el Encuentro de Narradores Vascos<\/h3>\n<p>El cineasta Paul Urkijo recibir\u00e1 la Calabaza de Oro de Ahoz Aho, el <a href=\"https:\/\/www.txantxangorri.info\/es\/txantxangorri-123\/\">Festival Internacional de Narraci\u00f3n Oral<\/a> que se celebrar\u00e1 del 15 de febrero al 31 de marzo con numerosos actos.<\/p>\n<p>En opini\u00f3n de <a href=\"http:\/\/intujaiteatro.blogspot.com\/\" target=\"_blank\" rel=\"noopener\">Intujai Teatroa<\/a>, equipo organizador del festival, el director alav\u00e9s ha sabido plasmar en sus pel\u00edculas el imaginario vasco de una manera \u00abbrillante y exitosa\u00bb, dando a conocer al gran p\u00fablico el mundo m\u00e1gico de los cuentos tradicionales vascos, tanto en Euskal Herria como en el \u00e1mbito internacional; \u00aby todo ello lo ha hecho en euskera\u00bb. Razones de sobra para la organizaci\u00f3n para recibir la Calabaza de Oro.<\/p>\n<p>En el <a href=\"https:\/\/www.txantxangorri.info\/es\/txantxangorri-edicion-4\/\">Festival <\/a>dedica la Calabaza de Oro a personas o asociaciones individuales por la importancia y difusi\u00f3n que adquiere la oralidad en su actividad creativa o cultural. As\u00ed, entre los galardonados hasta ahora figuran Juan Kruz Igerabide (2019), el proyecto Ahotsak.eus (2020), Itziar Zubizarreta (2021), la asociaci\u00f3n Jentilbaratza de Ataun (2022) o Anjel Lertxundi (2023).<\/p>\n<p><script async src=\"https:\/\/pagead2.googlesyndication.com\/pagead\/js\/adsbygoogle.js?client=ca-pub-6348378977885706\" crossorigin=\"anonymous\"><\/script><br \/>\n<!-- Display 2023 --><br \/>\n<ins class=\"adsbygoogle\" style=\"display: block;\" data-ad-client=\"ca-pub-6348378977885706\" data-ad-slot=\"7176221166\" data-ad-format=\"auto\" data-full-width-responsive=\"true\"><\/ins><br \/>\n<script>\n     (adsbygoogle = window.adsbygoogle || []).push({});\n<\/script><\/p>\n<h3>XVII Festival Ahoz Aho<\/h3>\n<p>El premio se ofrecer\u00e1 el \u00faltimo d\u00eda de la programaci\u00f3n de Ahoz Aho, en el marco del Encuentro de Narradores Vascos. El festival celebra este a\u00f1o su XVII edici\u00f3n con una programaci\u00f3n amplia y variada. Desde el 15 de febrero y hasta el 27 de marzo, las localidades guipuzcoanas de Tolosa y Ordizia como n\u00facleo principal, han ampliado su oferta a m\u00e1s de 20 localidades, con m\u00e1s de 25 artistas ofreciendo su espect\u00e1culo, en el que se han programado cerca de 50 actuaciones.<\/p>\n<p>El festival tiene car\u00e1cter internacional, aunque la mayor\u00eda de los artistas son vascos, tambi\u00e9n proceden de pa\u00edses como Colombia, Cuba, Letonia, Quebec, Francia o Espa\u00f1a. Aunque el festival est\u00e1 centrado en la narraci\u00f3n oral, ofrece tambi\u00e9n otros sectores de la oralidad; as\u00ed, habr\u00e1 bertsolaris, cantantes o magos a lo largo de febrero y marzo. El amante de los cuentos y otras expresiones art\u00edsticas de la oralidad tiene una oportunidad \u00fanica de adentrarse en los mundos m\u00e1gicos que nos ofrecen las historias.<\/p>\n<p><script async src=\"https:\/\/pagead2.googlesyndication.com\/pagead\/js\/adsbygoogle.js?client=ca-pub-6348378977885706\" crossorigin=\"anonymous\"><\/script><br \/>\n<!-- Display 2023 --><br \/>\n<ins class=\"adsbygoogle\" style=\"display: block;\" data-ad-client=\"ca-pub-6348378977885706\" data-ad-slot=\"7176221166\" data-ad-format=\"auto\" data-full-width-responsive=\"true\"><\/ins><br \/>\n<script>\n     (adsbygoogle = window.adsbygoogle || []).push({});\n<\/script><\/p>\n","protected":false},"excerpt":{"rendered":"<p>El cineasta Paul Urkijo recibir\u00e1 la calabaza de Oro de Ahoz Aho, el Festival Internacional de Narraci\u00f3n Oral que se celebrar\u00e1 del 15 de febrero al 31 de marzo con numerosos actos. Le han otorgado el premio por haber plasmado en sus pel\u00edculas en imaginario vasco de una manera \u00abbrillante y exitosa\u00bb, dando a conocer al gran p\u00fablico el mundo m\u00e1gico de los cuentos tradicionales vascos, tanto en Euskal Herria como en el \u00e1mbito internacional; \u00aby todo ello lo ha hecho en euskera\u00bb.<\/p>\n","protected":false},"author":2,"featured_media":5446,"comment_status":"open","ping_status":"closed","sticky":false,"template":"","format":"standard","meta":{"footnotes":""},"categories":[470,469],"tags":[1519,1853,1852,1471,1855,476],"class_list":["post-5436","post","type-post","status-publish","format-standard","has-post-thumbnail","hentry","category-cultura","category-destacado","tag-ahoz-aho-es","tag-cuentacuentos","tag-intujai-teatro","tag-ordizia-es","tag-paul-urkijo-es","tag-tolosa-es"],"_links":{"self":[{"href":"https:\/\/www.txantxangorri.info\/es\/wp-json\/wp\/v2\/posts\/5436","targetHints":{"allow":["GET"]}}],"collection":[{"href":"https:\/\/www.txantxangorri.info\/es\/wp-json\/wp\/v2\/posts"}],"about":[{"href":"https:\/\/www.txantxangorri.info\/es\/wp-json\/wp\/v2\/types\/post"}],"author":[{"embeddable":true,"href":"https:\/\/www.txantxangorri.info\/es\/wp-json\/wp\/v2\/users\/2"}],"replies":[{"embeddable":true,"href":"https:\/\/www.txantxangorri.info\/es\/wp-json\/wp\/v2\/comments?post=5436"}],"version-history":[{"count":10,"href":"https:\/\/www.txantxangorri.info\/es\/wp-json\/wp\/v2\/posts\/5436\/revisions"}],"predecessor-version":[{"id":5456,"href":"https:\/\/www.txantxangorri.info\/es\/wp-json\/wp\/v2\/posts\/5436\/revisions\/5456"}],"wp:featuredmedia":[{"embeddable":true,"href":"https:\/\/www.txantxangorri.info\/es\/wp-json\/wp\/v2\/media\/5446"}],"wp:attachment":[{"href":"https:\/\/www.txantxangorri.info\/es\/wp-json\/wp\/v2\/media?parent=5436"}],"wp:term":[{"taxonomy":"category","embeddable":true,"href":"https:\/\/www.txantxangorri.info\/es\/wp-json\/wp\/v2\/categories?post=5436"},{"taxonomy":"post_tag","embeddable":true,"href":"https:\/\/www.txantxangorri.info\/es\/wp-json\/wp\/v2\/tags?post=5436"}],"curies":[{"name":"wp","href":"https:\/\/api.w.org\/{rel}","templated":true}]}}