{"id":5235,"date":"2024-01-01T20:14:58","date_gmt":"2024-01-01T19:14:58","guid":{"rendered":"https:\/\/www.txantxangorri.info\/?p=5235"},"modified":"2025-05-24T23:45:21","modified_gmt":"2025-05-24T22:45:21","slug":"jaime-izquierdo-ciudad-sin-campo-garete","status":"publish","type":"post","link":"https:\/\/www.txantxangorri.info\/es\/jaime-izquierdo-ciudad-sin-campo-garete\/","title":{"rendered":"Jaime Izquierdo: \u00abLa ciudad, sin el campo, se va al garete\u00bb"},"content":{"rendered":"<h3>Jaime Izquierdo lleva d\u00e9cadas defendiendo la importancia de las zonas rurales<\/h3>\n<p><a href=\"https:\/\/www.txantxangorri.info\/es\/etiketak\/amaia-nunez-es\"><em>Amaia N\u00fa\u00f1ez Yarza<\/em><\/a><\/p>\n<p>La mitad de los municipios de Gipuzkoa tienen menos de 2000 habitantes, 32 teniendo en cuenta los de menos de mil. Son muchos los vecinos que viven cerca de zonas rurales. M\u00e1s all\u00e1 del imaginario de vivir en un entorno rural, Jaime Izquierdo defiende la importancia de estos municipios para un desarrollo sostenible. Ge\u00f3logo y escritor, en las \u00faltimas dos d\u00e9cadas ha trabajado en el \u00e1mbito del desarrollo rural. El mes pasado ofreci\u00f3 una charla en Orexa en la que planteaba \u2018\u00bfTienen futuro las zonas rurales?\u2019.<\/p>\n<p><strong>-\u00bfTienen futuro?<\/strong><\/p>\n<p>-Lo tienen que tener por una raz\u00f3n de supervivencia de todo el mundo. No podemos concebir un mundo estrictamente urbano, rodeado de selvas impenetrables en las que no haya campo. Lo que ocurre es que tenemos que hacer un ejercicio complejo de redefinici\u00f3n del papel del campo en el futuro. Tener la idea clara de que la ciudad, sin el campo, se va al garete.<\/p>\n<p><strong>-Tienen que ir de la mano.<\/strong><\/p>\n<p>-De hecho, ya hay algunos indicadores. Los incendios que en los a\u00f1os 60 eran incendios forestales muy alejados de las zonas urbanas, \u00faltimamente empieza a haber incendios que entran en las ciudades. Provocan generalmente muertes. La fauna salvaje, jabal\u00edes, por ejemplo, ya merodean las carreteras y corretean por las ciudades. Esos son indicadores de que algo no est\u00e1 funcionando en el campo y nos est\u00e1 generando los primeros problemas. La preocupaci\u00f3n por el campo no es solo de los que viven en el campo, del medio rural, tiene que ser una preocupaci\u00f3n compartida de toda la sociedad.<\/p>\n<p><strong>-Las zonas rurales pueden ser el futuro.<\/strong><\/p>\n<p>-S\u00ed, esa idea de refugio. Cuando van mal las cosas en una ciudad, se busca ese refugio. Ya pas\u00f3 en los tiempos de guerra y en los tiempos de pandemia. M\u00e1s all\u00e1 de esas situaciones de emergencia y puntuales, hay que darle una estabilidad a esos territorios. Y Orexa est\u00e1 haciendo un trabajo muy interesante para generar nuevas oportunidades y tener una visi\u00f3n actualizada del papel de los pastores y, sobre todo, el papel de entidades de organizaci\u00f3n que superan a la familia campesina, las familias del baserri.<\/p>\n<p>El mundo del campo hace cien a\u00f1os se organizaba a trav\u00e9s de familias, familias que viv\u00edan muy numerosas y que trabajaban todas en el caser\u00edo. Eso ya no es as\u00ed, no puede ser as\u00ed, y, por tanto, necesitamos otras estructuras de organizaci\u00f3n. La cooperativa de Orexa va en esa direcci\u00f3n. Tiene claro que con una estructura de cooperativa es m\u00e1s f\u00e1cil y m\u00e1s llevadero el trabajo del pastoreo.<\/p>\n<p>&nbsp;<\/p>\n<p><script async src=\"https:\/\/pagead2.googlesyndication.com\/pagead\/js\/adsbygoogle.js?client=ca-pub-6348378977885706\" crossorigin=\"anonymous\"><\/script><br \/>\n<!-- Iragarki laukia --><br \/>\n<ins class=\"adsbygoogle\" style=\"display: block;\" data-ad-client=\"ca-pub-6348378977885706\" data-ad-slot=\"9831795080\" data-ad-format=\"auto\" data-full-width-responsive=\"true\"><\/ins><br \/>\n<script>\n     (adsbygoogle = window.adsbygoogle || []).push({});\n<\/script><\/p>\n<p><strong>-\u00bfConoce alguna otra zona de Gipuzkoa? \u00bfQu\u00e9 destacar\u00eda en comparaci\u00f3n a Asturias?<\/strong><\/p>\n<p>-Conozco puntualmente Aralar, estuve hace tiempo con los pastores de Aralar. Estuve tambi\u00e9n con los pastores de Sierra Salvada, entre Vizcaya y \u00c1lava. Tengo un conocimiento por encima. Lo de Orexa me impresion\u00f3 mucho porque trabajan dos aspectos fundamentales, que es el aumento de autonom\u00eda energ\u00e9tica a trav\u00e9s de una comunidad energ\u00e9tica que est\u00e1n creando y esa organizaci\u00f3n de car\u00e1cter cooperativo para gestionar las tierras con pastoreo y producir quesos de alta calidad.<\/p>\n<p>Hay otros sitios en Asturias donde estamos haciendo cosas similares, pero lo cierto es que todav\u00eda son muy incipientes. No est\u00e1n consolidadas. Tenemos intuiciones, pero no sabemos c\u00f3mo solucionar ese problema.<\/p>\n<p><strong>-El empleo es el h\u00e1ndicap principal.<\/strong><\/p>\n<p>-Sigue siendo cierto que los empleos urbanos son m\u00e1s atractivos que los empleos rurales. Los empleos urbanos est\u00e1n sometidos a un horario y a una regulaci\u00f3n de sueldos, con vacaciones, fines de semana libres\u2026 y desde esa medida compiten con el del pastor, que es bastante m\u00e1s sufrido. Por eso tenemos que buscar formas de organizaci\u00f3n que permitan que los pastores del futuro disfruten del tiempo libre y tengan consideraci\u00f3n social en la medida que est\u00e1n haciendo un trabajo para el conjunto de la sociedad.<\/p>\n<p><strong>-Hoy en d\u00eda la tecnolog\u00eda ha facilitado la vida en los municipios peque\u00f1os.<\/strong><\/p>\n<p>-S\u00ed, esa es una de las condiciones. Las aldeas ahora, y pueblos como <a href=\"https:\/\/www.txantxangorri.info\/orexa-energia-burujabetza-errealitate\/\">Orexa<\/a>, digamos que tienen una vocaci\u00f3n de gestores del territorio por una parte. Pero por otra parte, tambi\u00e9n, hay oportunidades que les puede facilitar llegar a mercados y llegar a hacer cosas que antes ser\u00edan impensables. La comunicaci\u00f3n pasa, no tanto en el \u00e1mbito de la agroecolog\u00eda, m\u00e1s en el de los artistas.<\/p>\n<p>En Asturias tenemos el ejemplo de Rodrigo Cuevas, que vive en un pueblo, en una aldea muy parecida a Orexa y de ah\u00ed crea m\u00fasica y se inspira y trabaja, y luego da conciertos por todo el mundo. Eso antes era impensable. Es decir, aparecen nuevas oportunidades que nos ayudan a que la vida en las aldeas haya m\u00e1s complejidad y m\u00e1s oportunidades. Ese es un punto tambi\u00e9n muy interesante para el futuro.<\/p>\n<p><strong>-Antes se pensaba que para vivir en un pueblo ten\u00edas que vivir del caser\u00edo y ahora ya no es as\u00ed.<\/strong><\/p>\n<p>-S\u00ed y vivir en un caser\u00edo del siglo XVI. Ahora es una realidad m\u00e1s. Pero necesitas efectivamente conexi\u00f3n a internet, nuevos servicios b\u00e1sicos que te permitan desarrollar el potencial. Y eso forma parte del nuevo discurso de las aldeas en la sociedad contempor\u00e1nea.<\/p>\n<p>&nbsp;<\/p>\n<p><i>Si te ha gustado s\u00edguenos en <a href=\"https:\/\/www.x.com\/Txantxangorri_a\/\" target=\"_blank\" rel=\"noopener\"><span style=\"color: #41a85f;\">X<\/span><\/a>, <a href=\"https:\/\/www.facebook.com\/txantxangorri.aldizkaria\" target=\"_blank\" rel=\"noopener\"><span style=\"color: #41a85f;\">Facebook<\/span><\/a> e <a href=\"https:\/\/www.instagram.com\/txantxangorrialdizkaria\/\" target=\"_blank\" rel=\"noopener\"><span style=\"color: #41a85f;\">Instagram<\/span><\/a> para seguir disfrutando de nuestros contenidos. Adem\u00e1s, si quieres hacernos llegar alguna propuesta o informarnos de alg\u00fan evento puedes escribirnos a <a href=\"mailto:txantxangorri@txantxangorri.info\" data-fr-linked=\"true\"><span style=\"color: #41a85f;\">txantxangorri@txantxangorri.info<\/span><\/a>.<\/i><\/p>\n<p><script async src=\"https:\/\/pagead2.googlesyndication.com\/pagead\/js\/adsbygoogle.js?client=ca-pub-6348378977885706\" crossorigin=\"anonymous\"><\/script><br \/>\n<!-- Iragarki laukia --><br \/>\n<ins class=\"adsbygoogle\" style=\"display: block;\" data-ad-client=\"ca-pub-6348378977885706\" data-ad-slot=\"9831795080\" data-ad-format=\"auto\" data-full-width-responsive=\"true\"><\/ins><br \/>\n<script>\n     (adsbygoogle = window.adsbygoogle || []).push({});\n<\/script><\/p>\n","protected":false},"excerpt":{"rendered":"<p>Jaime Izquierdo lleva d\u00e9cadas defendiendo la importancia de las zonas rurales. La mitad de los municipios de Gipuzkoa tienen menos de 2000 habitantes, 32 teniendo en cuenta los de menos de mil. Son muchos los vecinos que viven cerca de zonas rurales. M\u00e1s all\u00e1 del imaginario de vivir en un entorno rural, Jaime Izquierdo defiende la importancia de estos municipios. Ge\u00f3logo y escritor, en las \u00faltimas dos d\u00e9cadas ha trabajado en el \u00e1mbito del desarrollo rural. El mes pasado ofreci\u00f3 una charla en Orexa  en la que planteaba \u2018\u00bfTienen futuro las zonas rurales?\u2019.<\/p>\n","protected":false},"author":2,"featured_media":5201,"comment_status":"open","ping_status":"closed","sticky":false,"template":"","format":"standard","meta":{"footnotes":""},"categories":[470,469],"tags":[2415,1815,1814,1190],"class_list":["post-5235","post","type-post","status-publish","format-standard","has-post-thumbnail","hentry","category-cultura","category-destacado","tag-desarrollo-sostenible","tag-entorno-rural","tag-jaime-izquierdo","tag-orexa"],"_links":{"self":[{"href":"https:\/\/www.txantxangorri.info\/es\/wp-json\/wp\/v2\/posts\/5235","targetHints":{"allow":["GET"]}}],"collection":[{"href":"https:\/\/www.txantxangorri.info\/es\/wp-json\/wp\/v2\/posts"}],"about":[{"href":"https:\/\/www.txantxangorri.info\/es\/wp-json\/wp\/v2\/types\/post"}],"author":[{"embeddable":true,"href":"https:\/\/www.txantxangorri.info\/es\/wp-json\/wp\/v2\/users\/2"}],"replies":[{"embeddable":true,"href":"https:\/\/www.txantxangorri.info\/es\/wp-json\/wp\/v2\/comments?post=5235"}],"version-history":[{"count":6,"href":"https:\/\/www.txantxangorri.info\/es\/wp-json\/wp\/v2\/posts\/5235\/revisions"}],"predecessor-version":[{"id":7759,"href":"https:\/\/www.txantxangorri.info\/es\/wp-json\/wp\/v2\/posts\/5235\/revisions\/7759"}],"wp:featuredmedia":[{"embeddable":true,"href":"https:\/\/www.txantxangorri.info\/es\/wp-json\/wp\/v2\/media\/5201"}],"wp:attachment":[{"href":"https:\/\/www.txantxangorri.info\/es\/wp-json\/wp\/v2\/media?parent=5235"}],"wp:term":[{"taxonomy":"category","embeddable":true,"href":"https:\/\/www.txantxangorri.info\/es\/wp-json\/wp\/v2\/categories?post=5235"},{"taxonomy":"post_tag","embeddable":true,"href":"https:\/\/www.txantxangorri.info\/es\/wp-json\/wp\/v2\/tags?post=5235"}],"curies":[{"name":"wp","href":"https:\/\/api.w.org\/{rel}","templated":true}]}}