{"id":5008,"date":"2023-10-01T18:19:04","date_gmt":"2023-10-01T17:19:04","guid":{"rendered":"https:\/\/www.txantxangorri.info\/?p=5008"},"modified":"2024-01-22T00:18:39","modified_gmt":"2024-01-21T23:18:39","slug":"el-mundo-de-las-radios","status":"publish","type":"post","link":"https:\/\/www.txantxangorri.info\/es\/el-mundo-de-las-radios\/","title":{"rendered":"El mundo de las radios"},"content":{"rendered":"<h3>Juli\u00e1n Cordero conserva una colecci\u00f3n de radios antiguas que restaura y mantiene en funcionamiento<\/h3>\n<p><em>Amaia N\u00fa\u00f1ez Yarza<\/em><\/p>\n<p>Puede que la afici\u00f3n por las radios antiguas le venga de familia, pero Juli\u00e1n Cordero ha creado una colecci\u00f3n propia desde joven. Su padre, Vicente, se dedicaba a arreglar radios y con \u00e9l comenz\u00f3 a trabajar a los catorce a\u00f1os. En la tienda reparaban radios de la \u00e9poca, aunque tambi\u00e9n constru\u00edan algunas. \u00abLa caja la constru\u00edan en Irun, Uni\u00f3n Radio Irun, y luego se compraba todo el material y se montaba\u00bb, recuerda de sus inicios.<\/p>\n<p>Ha vivido de cerca la evoluci\u00f3n de las radios, -\u00abmi padre compr\u00f3 una radio el d\u00eda que yo nac\u00ed. Se hizo con dos joyas\u00bb, comenta riendo-, y como es habitual, la necesidad de mejores aparatos fue poniendo una tras otra en sus manos. \u00abCuando lo de Txiki y Otaegi aqu\u00ed no se sab\u00eda nada y hab\u00eda que escuchar radios extranjeras, Londres, Paris&#8230; Radio Euskadi-Euskadi Irratia que transmit\u00edan desde las selvas\u00bb, explica de sus comienzos. \u00abBuscamos una radio buena, y luego otra, y otra\u00bb, hasta que sin querer inici\u00f3 su propia colecci\u00f3n \u00aba lo tonto\u00bb.<\/p>\n<p>Su <a href=\"https:\/\/www.txantxangorri.info\/es\/instrumentos-dejado-hacer\/\">colecci\u00f3n<\/a> se compone de piezas desde la d\u00e9cada de 1920 hasta los a\u00f1os 50. La mayor\u00eda adquiridas en mercadillos, \u00aby alg\u00fan anticuario tambi\u00e9n\u00bb, aunque estos eran m\u00e1s caros. En la mayor\u00eda de los casos, Juli\u00e1n Cordero se hac\u00eda con los aparatos en mal estado, \u00abm\u00e1s baratos\u00bb, y gracias a su trabajo de reparaci\u00f3n, tiene todas en funcionamiento \u00abcon garant\u00eda\u00bb. \u00abTienes que trabajar en ellas, pero as\u00ed quedan\u00bb.<\/p>\n<p>En aquella \u00e9poca las radios eran medios de comunicaci\u00f3n y de diversi\u00f3n. Aunque no hab\u00eda la variedad de emisoras de ahora. \u00abLa primera de Espa\u00f1a fue en Barcelona. En San Sebasti\u00e1n la octava, EAJ8 Radio San Sebasti\u00e1n\u00bb, indica. Por lo dem\u00e1s, cada \u00e9poca ten\u00eda sus modelos de calidad. \u00abLos alemanes en los a\u00f1os cincuenta eran los mejores; en los a\u00f1os 20 los franceses, no hab\u00eda otros, era lo que hab\u00eda; en los a\u00f1os 30 los americanos\u00bb.<\/p>\n<p>Para la reparaci\u00f3n, al no tener partes electr\u00f3nicas como en el caso de las modernas, los repuestos no son un problema para \u00e9l. \u00abTengo bastantes y, si hay alg\u00fan transformador o alguna cosa, hay que hacerlo. Nuestros abuelos lo hac\u00edan, \u00bfc\u00f3mo no lo vamos a hacer nosotros? No somos menos\u00bb, indica.<\/p>\n<p>De todas las radios que han pasado por sus manos, son pocas las que ha vendido. \u00abEs como si te quitaran algo\u00bb, ya que son piezas en a las que ha dedicado mucho tiempo y durante a\u00f1os han formado parte de su colecci\u00f3n.<br \/>\n<script async src=\"https:\/\/pagead2.googlesyndication.com\/pagead\/js\/adsbygoogle.js?client=ca-pub-6348378977885706\" crossorigin=\"anonymous\"><\/script><br \/>\n<!-- Iragarki laukia --><br \/>\n<ins class=\"adsbygoogle\" style=\"display: block;\" data-ad-client=\"ca-pub-6348378977885706\" data-ad-slot=\"9831795080\" data-ad-format=\"auto\" data-full-width-responsive=\"true\"><\/ins><br \/>\n<script>\n     (adsbygoogle = window.adsbygoogle || []).push({});\n<\/script><br \/>\nAunque cada vez compra menos, si le surge la oportunidad no lo duda. Su \u00faltima adquisici\u00f3n ha sido una peque\u00f1a radio blanca, \u00abuna pocholada\u00bb. En casa entienden su afici\u00f3n, aunque asume que en su familia nadie la continuar\u00e1.<\/p>\n<p>Las radios antiguas funcionaban la mayor\u00eda a pilas, ya que en los a\u00f1os 20 no hab\u00eda corriente el\u00e9ctrica en las casas. Eran pilas grandes, con onzas de zinc. En los huecos echaban agua con \u00e1cido y \u00abla acci\u00f3n del \u00e1cido en el zinc crea corriente. Luego se pod\u00edan rellenar, pero esto duraba a\u00f1os\u00bb, explica. Tambi\u00e9n hab\u00eda radios de galena, \u00abno se enchufaban a ninguna parte. Solo cable a tierra y a escuchar. Ecol\u00f3gica\u00bb.<\/p>\n<p>Una vez que entr\u00f3 el suministro el\u00e9ctrico en las casas, las radios tambi\u00e9n se ajustaron a los diferentes voltajes. C\u00f3mo no hab\u00eda tanta producci\u00f3n, los mismos se fabricaban para ajustarlos a la corriente de cada pa\u00eds. \u00abEste aparato de 1933 tiene desde los 80 voltios hasta 240. Tiene un enchufe con una regleta y vas cambiando la tensi\u00f3n interiormente\u00bb, indica sobre una de las antig\u00fcedades. Adem\u00e1s, sol\u00edan utilizar un volt\u00edmetro, ya que \u00abhab\u00eda mala corriente, andaba para arriba y abajo y con esto se regulaba. Y a pesar de eso, \u00abcon esto era la gente feliz\u00bb.<\/p>\n<p><script async src=\"https:\/\/pagead2.googlesyndication.com\/pagead\/js\/adsbygoogle.js?client=ca-pub-6348378977885706\" crossorigin=\"anonymous\"><\/script><br \/>\n<!-- Iragarki laukia --><br \/>\n<ins class=\"adsbygoogle\" style=\"display: block;\" data-ad-client=\"ca-pub-6348378977885706\" data-ad-slot=\"9831795080\" data-ad-format=\"auto\" data-full-width-responsive=\"true\"><\/ins><br \/>\n<script>\n     (adsbygoogle = window.adsbygoogle || []).push({});\n<\/script><\/p>\n","protected":false},"excerpt":{"rendered":"<p>Puede que la afici\u00f3n por las radios antiguas le venga de familia, pero Juli\u00e1n Cordero ha creado una colecci\u00f3n propia desde joven. Su padre, Vicente, se dedicaba a arreglar radios y con \u00e9l comenz\u00f3 a trabajar a los catorce a\u00f1os. En la tienda reparaban radios de la \u00e9poca, aunque tambi\u00e9n constru\u00edan algunas. \u00abLa caja la constru\u00edan en Irun, Uni\u00f3n Radio Irun, y luego se compraba todo el material y se montaba\u00bb, recuerda de sus inicios.<\/p>\n","protected":false},"author":2,"featured_media":4993,"comment_status":"open","ping_status":"closed","sticky":false,"template":"","format":"standard","meta":{"footnotes":""},"categories":[470,469],"tags":[1753,1751,1752],"class_list":["post-5008","post","type-post","status-publish","format-standard","has-post-thumbnail","hentry","category-cultura","category-destacado","tag-julian-cordero-es","tag-radios-antiguas","tag-restauracion"],"_links":{"self":[{"href":"https:\/\/www.txantxangorri.info\/es\/wp-json\/wp\/v2\/posts\/5008","targetHints":{"allow":["GET"]}}],"collection":[{"href":"https:\/\/www.txantxangorri.info\/es\/wp-json\/wp\/v2\/posts"}],"about":[{"href":"https:\/\/www.txantxangorri.info\/es\/wp-json\/wp\/v2\/types\/post"}],"author":[{"embeddable":true,"href":"https:\/\/www.txantxangorri.info\/es\/wp-json\/wp\/v2\/users\/2"}],"replies":[{"embeddable":true,"href":"https:\/\/www.txantxangorri.info\/es\/wp-json\/wp\/v2\/comments?post=5008"}],"version-history":[{"count":3,"href":"https:\/\/www.txantxangorri.info\/es\/wp-json\/wp\/v2\/posts\/5008\/revisions"}],"predecessor-version":[{"id":5329,"href":"https:\/\/www.txantxangorri.info\/es\/wp-json\/wp\/v2\/posts\/5008\/revisions\/5329"}],"wp:featuredmedia":[{"embeddable":true,"href":"https:\/\/www.txantxangorri.info\/es\/wp-json\/wp\/v2\/media\/4993"}],"wp:attachment":[{"href":"https:\/\/www.txantxangorri.info\/es\/wp-json\/wp\/v2\/media?parent=5008"}],"wp:term":[{"taxonomy":"category","embeddable":true,"href":"https:\/\/www.txantxangorri.info\/es\/wp-json\/wp\/v2\/categories?post=5008"},{"taxonomy":"post_tag","embeddable":true,"href":"https:\/\/www.txantxangorri.info\/es\/wp-json\/wp\/v2\/tags?post=5008"}],"curies":[{"name":"wp","href":"https:\/\/api.w.org\/{rel}","templated":true}]}}