{"id":4804,"date":"2023-08-09T14:00:19","date_gmt":"2023-08-09T13:00:19","guid":{"rendered":"https:\/\/www.txantxangorri.info\/?p=4804"},"modified":"2025-06-28T20:01:33","modified_gmt":"2025-06-28T19:01:33","slug":"huellas-neanderthal-en-cueva-san-adrian","status":"publish","type":"post","link":"https:\/\/www.txantxangorri.info\/es\/huellas-neanderthal-en-cueva-san-adrian\/","title":{"rendered":"Huellas Neanderthales en la cueva de San Adri\u00e1n"},"content":{"rendered":"<h3>En la cueva de San Adri\u00e1n\u00a0una decena de estudiantes y voluntarios han participado en las labores de excavaci\u00f3n que la Sociedad de Ciencias Aranzadi ha llevado a cabo durante el mes de julio<\/h3>\n<p>Los secretos que guarda la <a href=\"https:\/\/www.txantxangorri.info\/es\/san-adrian-testigo-en-el-tiempo\/\">cueva de San Adri\u00e1n<\/a>, en Zegama siguen saliendo a la luz. Los neanderthales tambi\u00e9n estuvieron en esa zona, seg\u00fan han constatado los miembros de la Sociedad de Ciencias Aranzadi. Este a\u00f1o los trabajos de excavaci\u00f3n se han desarrollado en dos emplazamientos: el lado del antiguo hostal y el lado de la ermita. En ambas han conseguido vestigios \u00fatiles para saber m\u00e1s sobre la vida que ha existido en ellas a lo largo de los siglos. En la campa\u00f1a de 2023, celebrada en julio, han participado una decena de estudiantes y voluntarios, bajo la coordinaci\u00f3n de los arque\u00f3logos Alfredo Moraza, Manu Zeberio y Jes\u00fas Tapia, de la Sociedad de Ciencias Aranzadi.<\/p>\n<p>Los trabajos se han desarrollado en dos sectores diferentes: la zona de la Ermita y la zona del ostatu. En la zona m\u00e1s pr\u00f3xima a la antigua Ermita (antiguo Polvor\u00edn carlista) el equipo ha podido localizar evidencias claras de ocupaci\u00f3n humana relacionada con el Paleol\u00edtico medio (per\u00edodo Musteriense), en concreto diversos fragmentos de fauna y una docena de utensilios de piedra.<\/p>\n<p>La mayor parte de esos huesos presentan signos de uso humano para su descarnado (huesos golpeados y rotos para extraer la m\u00e9dula). En cuanto a los utensilios de piedra, la mayor\u00eda son lascas y un raspador, ejecutados tanto en s\u00edlex, (procedente de Urbasa y Trevi\u00f1o) como en arenisca. Son piezas elaboradas a trav\u00e9s de t\u00e9cnicas muy espec\u00edficas y especiales que nos ponen en relaci\u00f3n directa con el grupo humano de los neandertales. Estas piezas aparecieron al final de la campa\u00f1a por lo que el pr\u00f3ximo a\u00f1o el equipo de arqueolog\u00eda seguir\u00e1 la pista de los Neanderthales en San Adrian.<\/p>\n<p><script async src=\"https:\/\/pagead2.googlesyndication.com\/pagead\/js\/adsbygoogle.js?client=ca-pub-6348378977885706\" crossorigin=\"anonymous\"><\/script><br \/>\n<!-- Iragarki laukia --><br \/>\n<ins class=\"adsbygoogle\" style=\"display: block;\" data-ad-client=\"ca-pub-6348378977885706\" data-ad-slot=\"9831795080\" data-ad-format=\"auto\" data-full-width-responsive=\"true\"><\/ins><br \/>\n<script>\n     (adsbygoogle = window.adsbygoogle || []).push({});\n<\/script><\/p>\n<h3>Neanderthales en San Adrian<\/h3>\n<p>Los Neanderthales fueron una especie humana que ocup\u00f3 Eurasia en un per\u00edodo de tiempo comprendido entre hace 240.000 y 40.000 a\u00f1os, y las inc\u00f3gnitas sobre su desaparici\u00f3n siguen siendo motivo de investigaciones arqueol\u00f3gicas punteras a nivel mundial. Antes de desaparecer hace unos 40.000 a\u00f1os, durante la Edad de Hielo, los neandertales mantuvieron relaciones con nuestra especie en distintos lugares de Eurasia, y en nuestro genoma subsisten algunas huellas gen\u00e9ticas en una peque\u00f1a proporci\u00f3n.<\/p>\n<p>Esta especie ten\u00eda una inteligencia y unas aptitudes parecidas a las nuestras. Por ello, es imprescindible obtener el mayor n\u00famero de datos y conocer sus comportamientos, t\u00e9cnicas, planificaci\u00f3n de campamentos y estrategias para recorrer el territorio. Pero nunca antes se hab\u00eda encontrado cultura neanderthal a una altitud tan grande como es el caso de San Adrian, que se encuentra a 1000 metros de altitud.<\/p>\n<p><script async src=\"https:\/\/pagead2.googlesyndication.com\/pagead\/js\/adsbygoogle.js?client=ca-pub-6348378977885706\" crossorigin=\"anonymous\"><\/script><br \/>\n<!-- Iragarki laukia --><br \/>\n<ins class=\"adsbygoogle\" style=\"display: block;\" data-ad-client=\"ca-pub-6348378977885706\" data-ad-slot=\"9831795080\" data-ad-format=\"auto\" data-full-width-responsive=\"true\"><\/ins><br \/>\n<script>\n     (adsbygoogle = window.adsbygoogle || []).push({});\n<\/script><\/p>\n<h3>Muro de la Edad Media<\/h3>\n<p>En la otra \u00e1rea de trabajo, en el emplazamiento del antiguo ostatu o venta caminera, los resultados obtenidos han sido tambi\u00e9n muy interesantes. En este sector se ha podido certificar la presencia de un muro de grandes proporciones, unos 13 m de largo y 1,20 m de ancho, que en el momento de su registro se encontraba pr\u00e1cticamente reducido a sus cimientos. Este muro podr\u00eda haber sido una fortificaci\u00f3n militar habilitada en un momento bastante temprano (en torno a los siglos XI-XII aproximadamente). Un castillo que pudo ser edificado por el Reino de Pamplona con objeto de garantizar el control de este estrat\u00e9gico sector a caballo entre los territorios actuales de Gipuzkoa, Alava y Navarra.<\/p>\n<p>Esta Fortificaci\u00f3n ser\u00e1 muy probablemente reconstruida a finales del siglo XIII, tras la conquista de la zona por el reino de Castilla, formando parte fundamental de la l\u00ednea defensiva fronteriza frente al vecino reino de Navarra. Esta construcci\u00f3n ser\u00e1 finalmente demolida en las primeras d\u00e9cadas del siglo XVIII ya que se realizar\u00e1 del sistema viario para carros y carruajes y se construir\u00e1 una gran venta caminera sobre los cimientos de esa antigua fortificaci\u00f3n (actual muro de cierre).<br \/>\n<script async src=\"https:\/\/pagead2.googlesyndication.com\/pagead\/js\/adsbygoogle.js?client=ca-pub-6348378977885706\" crossorigin=\"anonymous\"><\/script><br \/>\n<!-- Iragarki laukia --><br \/>\n<ins class=\"adsbygoogle\" style=\"display: block;\" data-ad-client=\"ca-pub-6348378977885706\" data-ad-slot=\"9831795080\" data-ad-format=\"auto\" data-full-width-responsive=\"true\"><\/ins><br \/>\n<script>\n     (adsbygoogle = window.adsbygoogle || []).push({});\n<\/script><\/p>\n<p>De esta manera los trabajos arqueol\u00f3gicos efectuados han permitido ofrecer nuevos e interesantes datos sobre dos per\u00edodos espec\u00edficos de nuestro pasado de los que no existen muchos datos. Confirmando los destacados valores tanto naturales como culturales que presenta este singular entorno abierto entre los montes Aizkorri y Aratz, y que acoge bajo las paredes del t\u00fanel una buena parte de los per\u00edodos de presencia humana en nuestro territorio, desde la prehistoria hasta nuestros d\u00edas.<\/p>\n<p><script async src=\"https:\/\/pagead2.googlesyndication.com\/pagead\/js\/adsbygoogle.js?client=ca-pub-6348378977885706\" crossorigin=\"anonymous\"><\/script><br \/>\n<!-- Iragarki laukia --><br \/>\n<ins class=\"adsbygoogle\" style=\"display: block;\" data-ad-client=\"ca-pub-6348378977885706\" data-ad-slot=\"9831795080\" data-ad-format=\"auto\" data-full-width-responsive=\"true\"><\/ins><br \/>\n<script>\n     (adsbygoogle = window.adsbygoogle || []).push({});\n<\/script><\/p>\n<h4><span style=\"color: #339966;\">Si quieres recibir la revista Txantxangorri cada mes y leer los contenidos antes de que se publiquen online, puedes <a href=\"https:\/\/belakodenda.es\/catalogo-de-productos\/txantxangorri-suscripcion-anual\/\" target=\"_blank\" rel=\"noopener\">suscribirte aqu\u00ed<\/a>.<\/span><\/h4>\n<table style=\"width: 100%;\">\n<tbody>\n<tr>\n<td style=\"width: 100.0000%;\">\n<hr \/>\n<p><i>Si te ha gustado s\u00edguenos en <a href=\"https:\/\/www.x.com\/Txantxangorri_a\/\" target=\"_blank\" rel=\"noopener\"><span style=\"color: #41a85f;\">X<\/span><\/a>, <a href=\"https:\/\/www.facebook.com\/txantxangorri.aldizkaria\" target=\"_blank\" rel=\"noopener\"><span style=\"color: #41a85f;\">Facebook<\/span><\/a> e <a href=\"https:\/\/www.instagram.com\/txantxangorrialdizkaria\/\" target=\"_blank\" rel=\"noopener\"><span style=\"color: #41a85f;\">Instagram<\/span><\/a> para seguir disfrutando de nuestros contenidos. Adem\u00e1s, si quieres hacernos llegar alguna propuesta o informarnos de alg\u00fan evento puedes escribirnos a <a href=\"mailto:txantxangorri@txantxangorri.info\" data-fr-linked=\"true\"><span style=\"color: #41a85f;\">txantxangorri@txantxangorri.info<\/span><\/a>.<\/i><\/td>\n<\/tr>\n<\/tbody>\n<\/table>\n<p><script async src=\"https:\/\/pagead2.googlesyndication.com\/pagead\/js\/adsbygoogle.js?client=ca-pub-6348378977885706\" crossorigin=\"anonymous\"><\/script><br \/>\n<!-- Iragarki laukia --><br \/>\n<ins class=\"adsbygoogle\" style=\"display: block;\" data-ad-client=\"ca-pub-6348378977885706\" data-ad-slot=\"9831795080\" data-ad-format=\"auto\" data-full-width-responsive=\"true\"><\/ins><br \/>\n<script>\n     (adsbygoogle = window.adsbygoogle || []).push({});\n<\/script><\/p>\n","protected":false},"excerpt":{"rendered":"<p>Los miembros de la Sociedad de Ciencias Aranzadi siguen destapando los secretos que guarda la cueva de San Adri\u00e1n, en Zegama. Este a\u00f1o los trabajos de excavaci\u00f3n se han desarrollado en dos emplazamientos: el lado del antiguo hostal y el lado de la ermita. En ambas han conseguido vestigios \u00fatiles para saber c\u00f3mo vivian en ella los Neanderthales en el Paleolito y tambi\u00e9n en posteriores siglos, como en la Edad Media. En la campa\u00f1a de 2023, celebrada en julio, han participado una decena de estudiantes y voluntarios, bajo la coordinaci\u00f3n de los arque\u00f3logos Alfredo Moraza, Manu Zeberio y Jes\u00fas Tapia, de la Sociedad de Ciencias Aranzadi.<\/p>\n","protected":false},"author":2,"featured_media":4802,"comment_status":"open","ping_status":"closed","sticky":false,"template":"","format":"standard","meta":{"footnotes":""},"categories":[469,470],"tags":[1667,610,887,504,547,1671,1421,893,1668,1669,1642,1243],"class_list":["post-4804","post","type-post","status-publish","format-standard","has-post-thumbnail","hentry","category-destacado","category-cultura","tag-alfredo-moraza-es","tag-aranzadi-es","tag-aranzadi-zientzia-elkartea-es","tag-arqueologia-es","tag-cegama","tag-excavacion-es","tag-gipuzkoa","tag-goierri-es","tag-jesus-tapia-es","tag-manu-zeberio-es","tag-san-adrian","tag-zegama-es"],"_links":{"self":[{"href":"https:\/\/www.txantxangorri.info\/es\/wp-json\/wp\/v2\/posts\/4804","targetHints":{"allow":["GET"]}}],"collection":[{"href":"https:\/\/www.txantxangorri.info\/es\/wp-json\/wp\/v2\/posts"}],"about":[{"href":"https:\/\/www.txantxangorri.info\/es\/wp-json\/wp\/v2\/types\/post"}],"author":[{"embeddable":true,"href":"https:\/\/www.txantxangorri.info\/es\/wp-json\/wp\/v2\/users\/2"}],"replies":[{"embeddable":true,"href":"https:\/\/www.txantxangorri.info\/es\/wp-json\/wp\/v2\/comments?post=4804"}],"version-history":[{"count":9,"href":"https:\/\/www.txantxangorri.info\/es\/wp-json\/wp\/v2\/posts\/4804\/revisions"}],"predecessor-version":[{"id":7910,"href":"https:\/\/www.txantxangorri.info\/es\/wp-json\/wp\/v2\/posts\/4804\/revisions\/7910"}],"wp:featuredmedia":[{"embeddable":true,"href":"https:\/\/www.txantxangorri.info\/es\/wp-json\/wp\/v2\/media\/4802"}],"wp:attachment":[{"href":"https:\/\/www.txantxangorri.info\/es\/wp-json\/wp\/v2\/media?parent=4804"}],"wp:term":[{"taxonomy":"category","embeddable":true,"href":"https:\/\/www.txantxangorri.info\/es\/wp-json\/wp\/v2\/categories?post=4804"},{"taxonomy":"post_tag","embeddable":true,"href":"https:\/\/www.txantxangorri.info\/es\/wp-json\/wp\/v2\/tags?post=4804"}],"curies":[{"name":"wp","href":"https:\/\/api.w.org\/{rel}","templated":true}]}}