{"id":4624,"date":"2023-06-21T16:39:01","date_gmt":"2023-06-21T15:39:01","guid":{"rendered":"https:\/\/www.txantxangorri.info\/?p=4624"},"modified":"2025-02-26T00:22:13","modified_gmt":"2025-02-25T23:22:13","slug":"juan-mari-sagredo-todo-terreno-montana","status":"publish","type":"post","link":"https:\/\/www.txantxangorri.info\/es\/juan-mari-sagredo-todo-terreno-montana\/","title":{"rendered":"Juan Mari Sagredo, un todo terreno disfrutando de la monta\u00f1a"},"content":{"rendered":"<h3>Juan Mari Sagredo se inici\u00f3 desde ni\u00f1o en la monta\u00f1a y no ha abandonado su afici\u00f3n<\/h3>\n<p><em>Luis Maria N\u00fa\u00f1ez Urrezola<\/em><\/p>\n<p>A Juan Mari Sagredo le toc\u00f3 nacer en el barrio Izaskun, un lugar rodeado por distintas monta\u00f1as en la periferia de Tolosa. Los juegos en su corta edad eran en el barrio y sus aleda\u00f1os. Cuando sal\u00eda con los amigos al primer, segundo y tercer bosque, el camino comunicaba con las paradas de San Blas, lugar muy conocido por todos los chavales del barrio Izaskun. \u00abYo siempre iba con mi c\u00e1mara de chocolate\u00bb, comenta Juan Mari Sagredo, que ha recorrido el mundo por su afici\u00f3n a la monta\u00f1a.<\/p>\n<p>Entre los 7 y 15 a\u00f1os particip\u00f3 con otros ni\u00f1os en las salidas en autob\u00fas los fines de semana a distintas monta\u00f1as, que organizaban el Alpino y el Oargi para los ni\u00f1os. Unas veces sal\u00edan de acampada y en otras participaban en marchas reguladas y salidas monta\u00f1eras, todas de la mano de Pepi Gorostidi, alma mater.<\/p>\n<p>\u00abCon 17 a\u00f1os ya iba de traves\u00eda con mis hermanos mayores y otros amigos como Mitxel, Mendieta, etc\u00e9tera. Para m\u00ed, mi historia en el monte ha sido muy importante, porque a partir de los 18 a\u00f1os, hice unos cursillos de escalada en Etxarte y en Etxauri y poco a poco fui cogiendo experiencia en paredes peque\u00f1as y siguiendo los pasos de mis hermanos I\u00f1aki y <a href=\"https:\/\/www.txantxangorri.info\/es\/luis-mari-sagredo-vida-montana\/\">Luis Mari<\/a>\u00bb.<\/p>\n<p><strong>-\u00bfCu\u00e1ndo se escala se siente miedo?<\/strong><\/p>\n<p>-No, yo no he tenido miedo nunca, porque sab\u00eda los riesgos que hay. Siempre he sido en la monta\u00f1a una persona seria y me he dedicado a lo que iba. La escalada siempre ha sido segura y hoy en d\u00eda m\u00e1s.<\/p>\n<p><strong>-\u00bfQu\u00e9 herramienta utilizabais en aquellos tiempos para escalar?<\/strong><\/p>\n<p>-En mis primeros tiempos la escalada era artificial, se utilizaban escaleras y estribos. Las escaleras seg\u00fan se iba subiendo se mov\u00edan hasta el siguiente punto y continuabas para arriba. \u00cdbamos escalando poco a poco y con mucho esfuerzo lleg\u00e1bamos a las cimas.<\/p>\n<p><strong>-\u00bfC\u00f3mo viajaban para llegar a esos lugares?<\/strong><\/p>\n<p>-Hubo una \u00e9poca que se organizaban las salidas en autobuses, pero poco a poco las personas fueron cambiando de h\u00e1bitos y lleg\u00f3 un momento que tuvieron que juntarse varios clubs como <a href=\"http:\/\/www.aizkardi.com\" target=\"_blank\" rel=\"noopener\">Aizkardi<\/a> y Euskalduna para atraer a los monta\u00f1eros y as\u00ed se consegu\u00eda que se inscribieran a veces 20, 30 o 40 personas. Pero poco a poco ha ido disminuyendo y llego el d\u00eda que, en una salida, me encontr\u00e9 con tres personas, y conmigo cuatro, en la salida.<\/p>\n<p><script async src=\"https:\/\/pagead2.googlesyndication.com\/pagead\/js\/adsbygoogle.js?client=ca-pub-6348378977885706\" crossorigin=\"anonymous\"><\/script><br \/>\n<!-- Display 2023 --><br \/>\n<ins class=\"adsbygoogle\" style=\"display: block;\" data-ad-client=\"ca-pub-6348378977885706\" data-ad-slot=\"7176221166\" data-ad-format=\"auto\" data-full-width-responsive=\"true\"><\/ins><br \/>\n<script>\n     (adsbygoogle = window.adsbygoogle || []).push({});\n<\/script><\/p>\n<h3>Inicios de la escalada<\/h3>\n<p><strong>-\u00bfC\u00f3mo eran las clavijas de anta\u00f1o?<\/strong><\/p>\n<p>-Las clavijas eran de hierro y en muchos de los casos las hac\u00edamos nosotros mismos. En la actualidad las clavijas son distintas tienen un muelle que las metes en las hendiduras y se sujetan muy fuerte. Se llaman fisureros. La escalada ha cambiado totalmente, hoy en d\u00eda todo es f\u00edsico y sobre todo mucha t\u00e9cnica y fuerza. Los montes m\u00e1s asequibles que he escalado han sido en los Alpes, el Mont Blanc, el Cervino, el Palas, el monte Rosa, etc.<\/p>\n<p><strong>-\u00bfLas cuerdas que grosor tienen que tener?<\/strong><\/p>\n<p>-La mayor\u00eda de las cuerdas tienen un grosor entre 10 y 12 mil\u00edmetros. Con las cuerdas hay que tener mucho cuidado, dependiendo cuantas veces las utilices, te pueden durar alrededor de cuatro a\u00f1os. En mi caso, yo siempre he llevado mis propias cuerdas.<\/p>\n<p><script async src=\"https:\/\/pagead2.googlesyndication.com\/pagead\/js\/adsbygoogle.js?client=ca-pub-6348378977885706\" crossorigin=\"anonymous\"><\/script><br \/>\n<!-- Display 2023 --><br \/>\n<ins class=\"adsbygoogle\" style=\"display: block;\" data-ad-client=\"ca-pub-6348378977885706\" data-ad-slot=\"7176221166\" data-ad-format=\"auto\" data-full-width-responsive=\"true\"><\/ins><br \/>\n<script>\n     (adsbygoogle = window.adsbygoogle || []).push({});\n<\/script><\/p>\n<p><strong>-Tambi\u00e9n has hecho carreras de monta\u00f1a.<\/strong><\/p>\n<p>-Si, con 23 a\u00f1os decid\u00ed entrar en la Federaci\u00f3n de Monta\u00f1a. Hacia las veces de organizador junto con el resto en distintos eventos. Cuando pod\u00eda hacia mis pinitos por esos caminos del mundo. En mi haber tengo cinco Ehunmilak y dos Ultra Trail de Mont Blanc (UTMB). Recuerdo en una de las carreras cuando pas\u00e9 por un alto a 1.400 metros, me encontr\u00e9 con varios corredores que estaban tumbados en el brezo y pens\u00e9 que hac\u00eda mucho fr\u00edo para estar quieto. Cuando participaba en las carreras mi intenci\u00f3n no era otra que terminar la prueba.<\/p>\n<p><strong>-Eres el presidente del Oargi, \u00bfqu\u00e9 proyectos ten\u00e9is en la actualidad?<\/strong><\/p>\n<p>-En la actualidad hay mucha gente joven en la sociedad, hemos hablado con ellos y tenemos un proyecto para hacer un nuevo roc\u00f3dromo en una de las salas de la sociedad y vamos a invertir entre 20 y 30.000 mil euros. Los j\u00f3venes est\u00e1n contentos y una vez finalizadas las obras, podr\u00e1n ir escalando y a su vez sacando v\u00edas para luego llevarlas a cabo en las monta\u00f1as a las que vayan.<\/p>\n<p><strong>-Cu\u00e9ntame, para finalizar, una an\u00e9cdota.<\/strong><\/p>\n<p>-Intente en varias ocasiones participar en la prueba de Aizkorri, pero por lo visto si no tienes patrocinador y cierto cach\u00e9, es dif\u00edcil. En mi caso no pude conseguirlo.<\/p>\n<h4><span style=\"color: #339966;\">Si quieres recibir la revista Txantxangorri cada mes y leer los contenidos antes de que se publiquen online, puedes <a href=\"https:\/\/belakodenda.es\/catalogo-de-productos\/txantxangorri-suscripcion-anual\/\" target=\"_blank\" rel=\"noopener\">suscribirte aqu\u00ed<\/a>.<\/span><\/h4>\n<table style=\"width: 100%;\">\n<tbody>\n<tr>\n<td style=\"width: 100.0000%;\">\n<hr \/>\n<p><i>Si te ha gustado s\u00edguenos en <a href=\"https:\/\/www.x.com\/Txantxangorri_a\/\" target=\"_blank\" rel=\"noopener\"><span style=\"color: #41a85f;\">X<\/span><\/a>, <a href=\"https:\/\/www.facebook.com\/txantxangorri.aldizkaria\" target=\"_blank\" rel=\"noopener\"><span style=\"color: #41a85f;\">Facebook<\/span><\/a> e <a href=\"https:\/\/www.instagram.com\/txantxangorrialdizkaria\/\" target=\"_blank\" rel=\"noopener\"><span style=\"color: #41a85f;\">Instagram<\/span><\/a> para seguir disfrutando de nuestros contenidos. Adem\u00e1s, si quieres hacernos llegar alguna propuesta o informarnos de alg\u00fan evento puedes escribirnos a <a href=\"mailto:txantxangorri@txantxangorri.info\" data-fr-linked=\"true\"><span style=\"color: #41a85f;\">txantxangorri@txantxangorri.info<\/span><\/a>.<\/i><\/td>\n<\/tr>\n<\/tbody>\n<\/table>\n<p><script async src=\"https:\/\/pagead2.googlesyndication.com\/pagead\/js\/adsbygoogle.js?client=ca-pub-6348378977885706\" crossorigin=\"anonymous\"><\/script><br \/>\n<!-- Iragarki laukia --><br \/>\n<ins class=\"adsbygoogle\" style=\"display: block;\" data-ad-client=\"ca-pub-6348378977885706\" data-ad-slot=\"9831795080\" data-ad-format=\"auto\" data-full-width-responsive=\"true\"><\/ins><br \/>\n<script>\n     (adsbygoogle = window.adsbygoogle || []).push({});\n<\/script><\/p>\n","protected":false},"excerpt":{"rendered":"<p>\u00abCon 17 a\u00f1os ya iba de traves\u00eda con mis hermanos mayores y otros amigos como Mitxel, Mendieta, etc\u00e9tera. Para m\u00ed, mi historia en el monte ha sido muy importante, porque a partir de los 18 a\u00f1os, hice unos cursillos de escalada en Etxarte y en Etxauri y poco a poco fui cogiendo experiencia en paredes peque\u00f1as y siguiendo los pasos de mis hermanos I\u00f1aki y Luis Mari\u00bb, cuenta Juan Mari Sagredo, aficionado a la monta\u00f1a que ha recorrido mundo para escalar cimas.<\/p>\n","protected":false},"author":2,"featured_media":4581,"comment_status":"open","ping_status":"closed","sticky":false,"template":"","format":"standard","meta":{"footnotes":""},"categories":[467,469],"tags":[1019,1611,1608,476],"class_list":["post-4624","post","type-post","status-publish","format-standard","has-post-thumbnail","hentry","category-deportes","category-destacado","tag-escalada","tag-juan-mari-sagredo-es","tag-montana","tag-tolosa-es"],"_links":{"self":[{"href":"https:\/\/www.txantxangorri.info\/es\/wp-json\/wp\/v2\/posts\/4624","targetHints":{"allow":["GET"]}}],"collection":[{"href":"https:\/\/www.txantxangorri.info\/es\/wp-json\/wp\/v2\/posts"}],"about":[{"href":"https:\/\/www.txantxangorri.info\/es\/wp-json\/wp\/v2\/types\/post"}],"author":[{"embeddable":true,"href":"https:\/\/www.txantxangorri.info\/es\/wp-json\/wp\/v2\/users\/2"}],"replies":[{"embeddable":true,"href":"https:\/\/www.txantxangorri.info\/es\/wp-json\/wp\/v2\/comments?post=4624"}],"version-history":[{"count":2,"href":"https:\/\/www.txantxangorri.info\/es\/wp-json\/wp\/v2\/posts\/4624\/revisions"}],"predecessor-version":[{"id":7363,"href":"https:\/\/www.txantxangorri.info\/es\/wp-json\/wp\/v2\/posts\/4624\/revisions\/7363"}],"wp:featuredmedia":[{"embeddable":true,"href":"https:\/\/www.txantxangorri.info\/es\/wp-json\/wp\/v2\/media\/4581"}],"wp:attachment":[{"href":"https:\/\/www.txantxangorri.info\/es\/wp-json\/wp\/v2\/media?parent=4624"}],"wp:term":[{"taxonomy":"category","embeddable":true,"href":"https:\/\/www.txantxangorri.info\/es\/wp-json\/wp\/v2\/categories?post=4624"},{"taxonomy":"post_tag","embeddable":true,"href":"https:\/\/www.txantxangorri.info\/es\/wp-json\/wp\/v2\/tags?post=4624"}],"curies":[{"name":"wp","href":"https:\/\/api.w.org\/{rel}","templated":true}]}}