{"id":4579,"date":"2023-06-09T19:21:02","date_gmt":"2023-06-09T18:21:02","guid":{"rendered":"https:\/\/www.txantxangorri.info\/?p=4579"},"modified":"2025-04-11T18:27:14","modified_gmt":"2025-04-11T17:27:14","slug":"patrimonio-no-cuidado-merecido","status":"publish","type":"post","link":"https:\/\/www.txantxangorri.info\/es\/patrimonio-no-cuidado-merecido\/","title":{"rendered":"\u00abEl patrimonio muchas veces no se ha cuidado como hubiera merecido\u00bb"},"content":{"rendered":"<h3>La asociaci\u00f3n \u00c1ncora lleva una d\u00e9cada poniendo en valor el patrimonio arquitect\u00f3nico<\/h3>\n<p><a href=\"https:\/\/www.txantxangorri.info\/es\/etiketak\/agurtzane-nunez-es\"><em>Agurtzane N\u00fa\u00f1ez Yarza<\/em><\/a><\/p>\n<p>Un caser\u00edo, un palacio centenario o una f\u00e1brica industrial aunque son diferentes, no tienen porqu\u00e9 ser tratados diferente. Los tres han podido ser un referente, tanto por llevar siglos en pie como por la historia que han creado alrededor suyo o su estilo de construcci\u00f3n. Con esa premisa, a partir de una casualidad, surgi\u00f3 la asociaci\u00f3n <a href=\"https:\/\/ancorasansebastian.org\/\" target=\"_blank\" rel=\"noopener\">\u00c1ncora<\/a> en Donostia.<\/p>\n<p>\u00abUn d\u00eda le\u00edmos en la prensa que se el edificio del Bellas Artes estaba en riesgo, porque hab\u00eda un proyecto de derribo. As\u00ed que un grupo de amigos decidimos fundar la asociaci\u00f3n para defender el edificio\u00bb, recuerda Alberto Fern\u00e1ndez D\u2019Arlas de la Pe\u00f1a, presidente de \u00c1ncora. Casi todos hab\u00edan estudiado historia del arte, que se unieron al constatar la desaparici\u00f3n de numerosos edificios hist\u00f3ricos y significativos de Donostia en los \u00faltimos a\u00f1os.<\/p>\n<p>El Bellas Artes \u00abera una antigua sala de cine, que ten\u00eda una presencia urbana muy importante, y una c\u00fapula majestuosa. Luego supimos que era la sala de cine m\u00e1s antigua que se conservaba, de 1914, aunque no quiere decir que sea la m\u00e1s antigua que hubo\u00bb, explica; a\u00f1adido al lugar en el que estaba situado y en una ciudad con un festival de cine como San Sebasti\u00e1n, \u00abten\u00eda todos los ingredientes para ser un elemento singular de nuestro patrimonio\u00bb.<\/p>\n<p>Aunque en un primer momento lograron protegerlo, ya que el Gobierno Vasco le otorg\u00f3 la clasificaci\u00f3n de monumento de Euskadi, en 2015, las alegaciones de la empresa propietaria hicieron que se le retirara la protecci\u00f3n y se qued\u00f3 solo con una protecci\u00f3n a nivel urban\u00edstico local, con lo que \u00aben 2019 continuaron las obras, con gran esc\u00e1ndalo, para construir un hotel de cinco estrellas\u00bb, recuerda.<\/p>\n<p>Los miembros de \u00c1ncora admiten que \u00abfue un poco decepcionante\u00bb no haber conseguido su prop\u00f3sito inicial, aunque est\u00e1n satisfechos por todo el trabajo realizado y el camino recorrido. \u00abEn estos a\u00f1os ha surgido una sensibilidad social muy importante sobre la necesidad de mejorar la protecci\u00f3n de los edificios hist\u00f3ricos\u00bb, indica Fern\u00e1ndez.<\/p>\n<p>As\u00ed, entre otros logros, destacan haber conseguido \u00abque se revise el plan especial de patrimonio de Donostia y que incluya nuevos elementos catalogados, hemos creado cierto debate a nivel local, y ya se habla de patrimonio en la prensa\u00bb. Su trabajo se centra sobre todo en Donostia, donde realizaron el inventario para revisar el Plan Especial de Protecci\u00f3n a petici\u00f3n del ayuntamiento. \u00abSe incorporaron unas 145 villas, que no ten\u00edan ninguna protecci\u00f3n y pod\u00edan ser derribadas en cualquier momento\u00bb.<\/p>\n<p>Adem\u00e1s, tambi\u00e9n han conseguido salvar algunos otros edificios, entre los que destaca Ebro etxea de Zarautz. \u00abEl ayuntamiento quer\u00eda sacarlo del cat\u00e1logo, y al final se consigui\u00f3 que se declarase monumento de Euskaldi\u00bb, explica. \u00abRecientemente tambi\u00e9n hemos intervenido en la Villa Sagrado Coraz\u00f3n o el puente Nuevo, ambas de Tolosa\u00bb, indican, y a\u00f1a de que su labor se centra en \u00abhacer lo posible por llamar la atenci\u00f3n sobre esos valores, por reunirnos con los responsables pol\u00edticos, por intentar que se preserve estos elementos\u00bb.<\/p>\n<p><script async src=\"https:\/\/pagead2.googlesyndication.com\/pagead\/js\/adsbygoogle.js?client=ca-pub-6348378977885706\" crossorigin=\"anonymous\"><\/script><br \/>\n<!-- Display 2023 --><br \/>\n<ins class=\"adsbygoogle\" style=\"display: block;\" data-ad-client=\"ca-pub-6348378977885706\" data-ad-slot=\"7176221166\" data-ad-format=\"auto\" data-full-width-responsive=\"true\"><\/ins><br \/>\n<script>\n     (adsbygoogle = window.adsbygoogle || []).push({});\n<\/script><\/p>\n<h3>Poco valorado<\/h3>\n<p>Fernandez admite que a la hora de hablar de patrimonio \u00abla gente los vinculaba a la nostalgia, a una preocupaci\u00f3n elitista\u00bb, lo que ha hecho que se pierdan numerosos ejemplos de la arquitectura local. \u00abPara transformar edificios que antiguamente fueron residenciales o terciarios en un hotel ha habido que hacer obras que a menudo han consistido en derribos interiores. El patrimonio, muchas veces, no se ha tratado con el cari\u00f1o o el cuidado que hubiera merecido\u00bb, recalca Alberto Fernandez.<\/p>\n<p>Entre otros, subrayan que al igual que \u00abcasi todos los pueblos de Gipuzkoa tienen libros sobre sus caser\u00edos y est\u00e1n orgullosos de ellos, en Donostia no quedan apenas, son invisibles\u00bb, y a\u00f1ade que \u00abbarrios como Zubieta o Igeldo que ten\u00edan muchos caser\u00edos, no les hacen caso. Y todos los caser\u00edos de ribera que estaban a orillas del Urumea y que eran preciosos, est\u00e1n a punto de desaparecer\u00bb.<\/p>\n<p>En este sentido, indica que \u00abes muy importante la arquitectura vern\u00e1cula, la que est\u00e1 vinculada con la tierra, las tradiciones\u2026 es una preciosidad y en Gipuzkoa tenemos joyas, unas maravillas impresionantes de 500 a\u00f1os o incluso m\u00e1s\u00bb.<\/p>\n<p>A\u00fan con todo, en la asociaci\u00f3n ven un cambio de mentalidad en los \u00faltimos a\u00f1os, algo que consideran muy positivo. \u00abTenemos unas cuentas en redes sociales que tienen bastante tir\u00f3n popular y vemos que la mayor\u00eda de seguidores es gente muy joven, y eso nos da cierta esperanza\u00bb.<\/p>\n<p><script async src=\"https:\/\/pagead2.googlesyndication.com\/pagead\/js\/adsbygoogle.js?client=ca-pub-6348378977885706\" crossorigin=\"anonymous\"><\/script><br \/>\n<!-- Display 2023 --><br \/>\n<ins class=\"adsbygoogle\" style=\"display: block;\" data-ad-client=\"ca-pub-6348378977885706\" data-ad-slot=\"7176221166\" data-ad-format=\"auto\" data-full-width-responsive=\"true\"><\/ins><br \/>\n<script>\n     (adsbygoogle = window.adsbygoogle || []).push({});\n<\/script><\/p>\n<h3>Exposiciones<\/h3>\n<p>Entre las acciones que han realizado durante sus diez a\u00f1os de andadura est\u00e1n las exposiciones para dar a conocer el patrimonio donostiarra y denunciar la situaci\u00f3n de algunos edificios. \u00abEn una de ellas, \u2018La ciudad que perdimos\u2019, recopilamos fotograf\u00eda y plano de edificios desaparecidos de San Sebasti\u00e1n y los situamos por barrios; e \u00edbamos denunciando c\u00f3mo se hab\u00edan ido perdiendo una serie de edificios muy interesantes, un gran n\u00famero\u00bb, explica.<\/p>\n<p>La muestra \u00abconmocion\u00f3 bastante. Al ver todos los elementos agrupados uno tomaba conciencia de la importancia cultural de la p\u00e9rdida y de las transformaciones tan importantes que estaba sufriendo la ciudad\u00bb. Despu\u00e9s tambi\u00e9n impulsaron una exposici\u00f3n sobre la Parte Vieja de Donostia, y \u00abconseguimos que se declarase Bien Cultural, ya que hasta entonces no ten\u00eda esa protecci\u00f3n\u00bb.<br \/>\n<script async src=\"https:\/\/pagead2.googlesyndication.com\/pagead\/js\/adsbygoogle.js?client=ca-pub-6348378977885706\" crossorigin=\"anonymous\"><\/script><br \/>\n<!-- Display 2023 --><br \/>\n<ins class=\"adsbygoogle\" style=\"display: block;\" data-ad-client=\"ca-pub-6348378977885706\" data-ad-slot=\"7176221166\" data-ad-format=\"auto\" data-full-width-responsive=\"true\"><\/ins><br \/>\n<script>\n     (adsbygoogle = window.adsbygoogle || []).push({});\n<\/script><\/p>\n","protected":false},"excerpt":{"rendered":"<p>Un caser\u00edo, un palacio centenario o una f\u00e1brica industrial aunque son diferentes, no tienen porqu\u00e9 ser tratados diferente. Los tres han podido ser un referente del patrimonio, tanto por llevar siglos en pie como por la historia que han creado alrededor suyo o su estilo de construcci\u00f3n. Con esa premisa, a partir de una casualidad, surgi\u00f3 la asociaci\u00f3n \u00c1ncora en Donostia. <\/p>\n","protected":false},"author":2,"featured_media":4583,"comment_status":"open","ping_status":"closed","sticky":false,"template":"","format":"standard","meta":{"footnotes":""},"categories":[470,469],"tags":[1614,527,1613,1610],"class_list":["post-4579","post","type-post","status-publish","format-standard","has-post-thumbnail","hentry","category-cultura","category-destacado","tag-ancora-es","tag-caserio","tag-patrimonio","tag-txantxangorri-125-es"],"_links":{"self":[{"href":"https:\/\/www.txantxangorri.info\/es\/wp-json\/wp\/v2\/posts\/4579","targetHints":{"allow":["GET"]}}],"collection":[{"href":"https:\/\/www.txantxangorri.info\/es\/wp-json\/wp\/v2\/posts"}],"about":[{"href":"https:\/\/www.txantxangorri.info\/es\/wp-json\/wp\/v2\/types\/post"}],"author":[{"embeddable":true,"href":"https:\/\/www.txantxangorri.info\/es\/wp-json\/wp\/v2\/users\/2"}],"replies":[{"embeddable":true,"href":"https:\/\/www.txantxangorri.info\/es\/wp-json\/wp\/v2\/comments?post=4579"}],"version-history":[{"count":5,"href":"https:\/\/www.txantxangorri.info\/es\/wp-json\/wp\/v2\/posts\/4579\/revisions"}],"predecessor-version":[{"id":7603,"href":"https:\/\/www.txantxangorri.info\/es\/wp-json\/wp\/v2\/posts\/4579\/revisions\/7603"}],"wp:featuredmedia":[{"embeddable":true,"href":"https:\/\/www.txantxangorri.info\/es\/wp-json\/wp\/v2\/media\/4583"}],"wp:attachment":[{"href":"https:\/\/www.txantxangorri.info\/es\/wp-json\/wp\/v2\/media?parent=4579"}],"wp:term":[{"taxonomy":"category","embeddable":true,"href":"https:\/\/www.txantxangorri.info\/es\/wp-json\/wp\/v2\/categories?post=4579"},{"taxonomy":"post_tag","embeddable":true,"href":"https:\/\/www.txantxangorri.info\/es\/wp-json\/wp\/v2\/tags?post=4579"}],"curies":[{"name":"wp","href":"https:\/\/api.w.org\/{rel}","templated":true}]}}