{"id":4564,"date":"2023-05-31T12:26:32","date_gmt":"2023-05-31T11:26:32","guid":{"rendered":"https:\/\/www.txantxangorri.info\/?p=4564"},"modified":"2025-10-25T22:52:52","modified_gmt":"2025-10-25T21:52:52","slug":"carlos-pena-rios-zona-desconocida","status":"publish","type":"post","link":"https:\/\/www.txantxangorri.info\/es\/carlos-pena-rios-zona-desconocida\/","title":{"rendered":"Carlos Pe\u00f1a: \u00abLos r\u00edos son una zona muy desconocida para todo el mundo\u00bb"},"content":{"rendered":"<h3>Carlos Pe\u00f1a lleva m\u00e1s de tres d\u00e9cadas completando retos deportivos a nado a favor de causas solidarias<\/h3>\n<p><a href=\"https:\/\/www.txantxangorri.info\/es\/etiketak\/agurtzane-nunez-es\"><em>Agurtzane N\u00fa\u00f1ez Yarza<\/em><\/a><\/p>\n<p>Nadie podr\u00eda decir cuando aprendi\u00f3 a nadar que Carlos Pe\u00f1a se iba a convertir en el poseedor del r\u00e9cord del mundo de nataci\u00f3n extrema. \u00abEl profesor me ech\u00f3 al agua, antes se ense\u00f1aba as\u00ed, y del susto estuve a\u00f1os traumatizado\u00bb, recuerda. Pero su af\u00e1n de superaci\u00f3n deportiva le impuls\u00f3 a completar el recorrido entre Lodosa y Zaragoza y, desde entonces, ha sido la persona que m\u00e1s kil\u00f3metros ha nadado de espaldas.<\/p>\n<p>La Official World Record, la organizaci\u00f3n que certifica los r\u00e9cords mundiales, le entreg\u00f3 en 2015 el certificado que lo acredita. Para entonces hab\u00eda completado 56 retos, aunque sumando los realizados desde entonces calcula que estar\u00e1 cerca de los 70. Hace cinco a\u00f1os consigui\u00f3 su segundo r\u00e9cord, tras nadar 24 horas seguidas en el r\u00edo Urumea con unas gafas especiales a favor de la retinosis pigmentaria.<\/p>\n<p><script async src=\"https:\/\/pagead2.googlesyndication.com\/pagead\/js\/adsbygoogle.js?client=ca-pub-6348378977885706\" crossorigin=\"anonymous\"><\/script><br \/>\n<!-- Albiste-iragarkia-horizontala --><br \/>\n<ins class=\"adsbygoogle\" style=\"display: block;\" data-ad-client=\"ca-pub-6348378977885706\" data-ad-slot=\"2832832963\" data-ad-format=\"auto\" data-full-width-responsive=\"true\"><\/ins><br \/>\n<script>\n     (adsbygoogle = window.adsbygoogle || []).push({});\n<\/script><\/p>\n<p>Pe\u00f1a se ha especializado en realizar retos solidarios a nado para dar visibilidad a todo tipo de asociaciones, pero su primera motivaci\u00f3n fue meramente deportiva. \u00abEn verano del 89, con 24 a\u00f1os estando de vacaciones, se nos ocurri\u00f3 a mi hermano y a mi nadar por el Ebro desde Lodosa a Zaragoza, unos 200 kil\u00f3metros. A los tres d\u00edas mi hermano se sinti\u00f3 indispuesto, as\u00ed que casi desde Tudela estuve solo. Llegamos a la Bas\u00edlica del Pilar el 31 de diciembre a las seis de la tarde\u00bb, explica.<\/p>\n<p>\u00abLlev\u00e1bamos unos neoprenos de dos piezas para submarinismo, pero eran muy gruesos y r\u00edgidos, por eso empezamos a nadar de espaldas\u00bb, algo que contin\u00faa haciendo. Diez a\u00f1os despu\u00e9s, en junio de 1999, complet\u00f3 todo en solitario todo el curso del Ebro, 927 kil\u00f3metros, para recaudar fondos para los afectados por el hurac\u00e1n Mitch de Honduras.<\/p>\n<p>Su primer reto solidario fue en 1995. \u00abEl a\u00f1o anterior nad\u00e9 el estrecho de Gibraltar y unos de los que me ayudaron eran de la Cruz Roja, que a su vez ten\u00edan una ONG que llevaba alimentos a Bosnia, que estaba en guerra\u00bb, detalla. Animado por uno de aquellos voluntarios, surgi\u00f3 un reto en el que admite que \u00abme jugu\u00e9 la vida, y mi equipo tambi\u00e9n, claro\u00bb. Recorri\u00f3 a nado un tramo del r\u00edo Neretva, que cruza Mostar hasta Metkovic y divid\u00eda a los dos bandos, para poner el foco en la situaci\u00f3n. \u00abEl agua estaba cerca de cero grados, y fuera la sensaci\u00f3n t\u00e9rmica era de menos quince\u00bb.<\/p>\n<p>Pero lo peor fue nadar en un r\u00edo en el que pod\u00eda haber de todo tras a\u00f1os de conflicto. \u00abEn un momento me qued\u00e9 atascado en un puente derribado. El equipo de militares espa\u00f1oles que me acompa\u00f1aba estaba ya preparando las cuerdas para bajar a sacarme, pero yo sent\u00eda que me ahogaba, y pas\u00e9 por debajo\u00bb, explica. \u00abSali\u00f3 bien, pero pod\u00eda haberme quedado clavado entre los escombros\u00bb.<\/p>\n<h4><span style=\"color: #339966;\">&#8230;este art\u00edculo es exclusivo para la edici\u00f3n impresa. Si quieres leer todos los reportajes, entrevistas y art\u00edculos con todas las fotograf\u00edas, <a style=\"color: #339966;\" href=\"https:\/\/www.txantxangorri.info\/es\/suscripcion\/\">suscr\u00edbete<\/a> y te enviaremos la revista a casa.<\/span><\/h4>\n<h4><span style=\"color: #339966;\">Suscribete a la revista Txantxangorri en papel con todos los contenidos de la web, recetas, manualidades, art\u00edculos de colaboradores y m\u00e1s! <a href=\"https:\/\/belakodenda.es\/catalogo-de-productos\/txantxangorri-suscripcion-anual\/\" target=\"_blank\" rel=\"noopener\">suscribirte aqu\u00ed<\/a>.<\/span><\/h4>\n<table style=\"width: 100%;\">\n<tbody>\n<tr>\n<td style=\"width: 100.0000%;\">\n<hr \/>\n<p><i>S\u00edguenos en <a href=\"https:\/\/www.x.com\/Txantxangorri_a\/\" target=\"_blank\" rel=\"noopener\"><span style=\"color: #41a85f;\">X<\/span><\/a>, <a href=\"https:\/\/www.facebook.com\/txantxangorri.aldizkaria\" target=\"_blank\" rel=\"noopener\"><span style=\"color: #41a85f;\">Facebook<\/span><\/a> e <a href=\"https:\/\/www.instagram.com\/txantxangorrialdizkaria\/\" target=\"_blank\" rel=\"noopener\"><span style=\"color: #41a85f;\">Instagram<\/span><\/a> para seguir disfrutando de nuestros contenidos. Adem\u00e1s, si quieres hacernos llegar alguna propuesta o informarnos de alg\u00fan evento puedes escribirnos a <a href=\"mailto:txantxangorri@txantxangorri.info\" data-fr-linked=\"true\"><span style=\"color: #41a85f;\">txantxangorri@txantxangorri.info<\/span><\/a>.<\/i><\/td>\n<\/tr>\n<\/tbody>\n<\/table>\n<p><script async src=\"https:\/\/pagead2.googlesyndication.com\/pagead\/js\/adsbygoogle.js?client=ca-pub-6348378977885706\" crossorigin=\"anonymous\"><\/script><br \/>\n<!-- Iragarki laukia --><br \/>\n<ins class=\"adsbygoogle\" style=\"display: block;\" data-ad-client=\"ca-pub-6348378977885706\" data-ad-slot=\"9831795080\" data-ad-format=\"auto\" data-full-width-responsive=\"true\"><\/ins><br \/>\n<script>\n     (adsbygoogle = window.adsbygoogle || []).push({});\n<\/script><\/p>\n","protected":false},"excerpt":{"rendered":"<p>Carlos Pe\u00f1a tiene el r\u00e9cord mundial de nataci\u00f3n extrema de espaldas. Desde hace m\u00e1s de treinta a\u00f1os ha recorrido todo el mundo completando retos solidarios a nado en diferentes lagos y mares. Hace cinco a\u00f1os consigui\u00f3 su segundo r\u00e9cord, tras nadar 24 horas seguidas en el r\u00edo Urumea con unas gafas especiales a favor de la retinosis pigmentaria.<\/p>\n","protected":false},"author":2,"featured_media":4449,"comment_status":"open","ping_status":"closed","sticky":false,"template":"","format":"standard","meta":{"footnotes":""},"categories":[467,469],"tags":[1538,1599,1600,1597,1598,1601,1602],"class_list":["post-4564","post","type-post","status-publish","format-standard","has-post-thumbnail","hentry","category-deportes","category-destacado","tag-carlos-pena-es","tag-lagos","tag-mares","tag-natacion","tag-natacion-extrema","tag-record-mundial","tag-reto"],"_links":{"self":[{"href":"https:\/\/www.txantxangorri.info\/es\/wp-json\/wp\/v2\/posts\/4564","targetHints":{"allow":["GET"]}}],"collection":[{"href":"https:\/\/www.txantxangorri.info\/es\/wp-json\/wp\/v2\/posts"}],"about":[{"href":"https:\/\/www.txantxangorri.info\/es\/wp-json\/wp\/v2\/types\/post"}],"author":[{"embeddable":true,"href":"https:\/\/www.txantxangorri.info\/es\/wp-json\/wp\/v2\/users\/2"}],"replies":[{"embeddable":true,"href":"https:\/\/www.txantxangorri.info\/es\/wp-json\/wp\/v2\/comments?post=4564"}],"version-history":[{"count":6,"href":"https:\/\/www.txantxangorri.info\/es\/wp-json\/wp\/v2\/posts\/4564\/revisions"}],"predecessor-version":[{"id":8330,"href":"https:\/\/www.txantxangorri.info\/es\/wp-json\/wp\/v2\/posts\/4564\/revisions\/8330"}],"wp:featuredmedia":[{"embeddable":true,"href":"https:\/\/www.txantxangorri.info\/es\/wp-json\/wp\/v2\/media\/4449"}],"wp:attachment":[{"href":"https:\/\/www.txantxangorri.info\/es\/wp-json\/wp\/v2\/media?parent=4564"}],"wp:term":[{"taxonomy":"category","embeddable":true,"href":"https:\/\/www.txantxangorri.info\/es\/wp-json\/wp\/v2\/categories?post=4564"},{"taxonomy":"post_tag","embeddable":true,"href":"https:\/\/www.txantxangorri.info\/es\/wp-json\/wp\/v2\/tags?post=4564"}],"curies":[{"name":"wp","href":"https:\/\/api.w.org\/{rel}","templated":true}]}}