{"id":4326,"date":"2023-03-16T20:48:53","date_gmt":"2023-03-16T19:48:53","guid":{"rendered":"https:\/\/www.txantxangorri.info\/?p=4326"},"modified":"2023-03-16T20:49:32","modified_gmt":"2023-03-16T19:49:32","slug":"finales-individuales-del-campeonato-de-gipuzkoa-de-pelota-vasca-adaptada-el-sabado-en-urretxu","status":"publish","type":"post","link":"https:\/\/www.txantxangorri.info\/es\/finales-individuales-del-campeonato-de-gipuzkoa-de-pelota-vasca-adaptada-el-sabado-en-urretxu\/","title":{"rendered":"Finales individuales del Campeonato de Gipuzkoa de Pelota Vasca Adaptada, el s\u00e1bado, en Urretxu"},"content":{"rendered":"<h4>Ser\u00e1n las finales de paleta goma en silla de ruedas y la de paleta de tenis de personas con discapacidad intelectual<\/h4>\n<p>El pr\u00f3ximo s\u00e1bado, 18 de marzo, se disputar\u00e1 un festival de pelota adaptada en el front\u00f3n Ederrena de Urretxu. Se podr\u00e1n ver dos finales: la de paleta goma en silla de ruedas y la de paleta de tenis de personas con discapacidad intelectual; el festival comenzar\u00e1 a las 10:00, y antes de las finales se jugar\u00e1n varios encuentros m\u00e1s.<\/p>\n<p>El s\u00e1bado por la ma\u00f1ana, en el front\u00f3n Ederrena de Urretxu, se jugar\u00e1n las finales individuales del XIII Campeonato de Gipuzkoa de Pelota Vasca Adaptada. Se podr\u00e1n ver dos finales: la de paleta goma en silla de ruedas y la de paleta de tenis de personas con discapacidad intelectual.<\/p>\n<p>Be\u00f1at Lizaso (Pagazpe) y Asier Navaridas (Mindara) disputar\u00e1n la final de paleta goma, y Eneko Sagarmendi (Mindara) e Iraitz Huegun (Mindara) la de paleta de tenis.<\/p>\n<p>Adem\u00e1s de las finales, se podr\u00e1n ver m\u00e1s encuentros: algunos individuales del campeonato de paleta de tenis de personas con discapacidad intelectual, y la jornada del campeonato de paleta goma en silla de ruedas por parejas. El festival comenzar\u00e1 a las 10:00.<\/p>\n<p><script async src=\"https:\/\/pagead2.googlesyndication.com\/pagead\/js\/adsbygoogle.js?client=ca-pub-6348378977885706\" crossorigin=\"anonymous\"><\/script><br \/>\n<!-- Iragarki laukia --><br \/>\n<ins class=\"adsbygoogle\" style=\"display: block;\" data-ad-client=\"ca-pub-6348378977885706\" data-ad-slot=\"9831795080\" data-ad-format=\"auto\" data-full-width-responsive=\"true\"><\/ins><br \/>\n<script>\n     (adsbygoogle = window.adsbygoogle || []).push({});\n<\/script><\/p>\n<h3>Se jugar\u00e1n los siguientes partidos:<\/h3>\n<p><em>18 de marzo, s\u00e1bado, 10:00, Urretxu-Ederrena<\/em><\/p>\n<p>1. Paleta goma en silla de ruedas, parejas: Manu Quesada (Mindara)-German Elkoro (Pagazpe) vs Joseba Lasa-Asier Navaridas (Mindara)<\/p>\n<p>2. Paleta de tenis (discapacidad intelectual), individual: Luis Zulaika (Independiente-Zumaia) vs I\u00f1aki Divasson (Zarautz)<\/p>\n<p>3. Paleta goma en silla de ruedas, parejas: Hilario Olano-Be\u00f1at Lizaso (Pagazpe) vs Leire Troiti\u00f1o-Aingeru Semperena (Pagazpe)<\/p>\n<p>4. Paleta goma en silla de ruedas, parejas: Joseba Lasa-Asier Navaridas (Mindara) vs Leire Troiti\u00f1o-Aingeru Semperena (Pagazpe)<\/p>\n<p>5. Paleta de tenis (discapacidad intelectual), individual: Mikel Vega (Mindara) vs I\u00f1aki Divasson (Zarautz)<\/p>\n<p>6. Paleta goma en silla de ruedas, parejas: Manu Quesada (Mindara)-German Elkoro (Pagazpe) vs Hilario Olano-Be\u00f1at Lizaso (Pagazpe)<\/p>\n<p>7. Paleta goma en silla de ruedas, parejas: Joseba Lasa eta Asier Navaridas (Mindara) vs Hilario Olano-Be\u00f1at Lizaso (Pagazpe)<\/p>\n<p>8. Paleta de tenis (discapacidad intelectual), individual: Mikel Vega (Mindara) vs Luis Zulaika (Independiente-Zumaia)<\/p>\n<p>9. Paleta goma en silla de ruedas, parejas: Leire Troiti\u00f1o-Aingeru Semperena (Pagazpe) vs Manu Quesada (Mindara)-German Elkoro (Pagazpe)<\/p>\n<p>10. PALETA GOMA EN SILLA DE RUEDAS, INDIVIDUAL. FINAL: Be\u00f1at Lizaso (Pagazpe) vs Asier Navaridas (Mindara)<\/p>\n<p>11. PALETA DE TENIS (DISCAPACIDAD INTELECTUAL), INDIVIDUAL. FINAL: Eneko Sagarmendi (Mindara) vs Iraitz Huegun (Mindara)<\/p>\n<p><script async src=\"https:\/\/pagead2.googlesyndication.com\/pagead\/js\/adsbygoogle.js?client=ca-pub-6348378977885706\" crossorigin=\"anonymous\"><\/script><br \/>\n<!-- Albiste-iragarkia-horizontala --><br \/>\n<ins class=\"adsbygoogle\" style=\"display: block;\" data-ad-client=\"ca-pub-6348378977885706\" data-ad-slot=\"2832832963\" data-ad-format=\"auto\" data-full-width-responsive=\"true\"><\/ins><br \/>\n<script>\n     (adsbygoogle = window.adsbygoogle || []).push({});\n<\/script><\/p>\n","protected":false},"excerpt":{"rendered":"<p>Ser\u00e1n las finales de paleta goma en silla de ruedas y la de paleta de tenis de personas con discapacidad intelectual<\/p>\n","protected":false},"author":2,"featured_media":4323,"comment_status":"open","ping_status":"closed","sticky":false,"template":"","format":"standard","meta":{"footnotes":""},"categories":[467,469],"tags":[1488,1486,1491,499,1489,1490,1492,1487],"class_list":["post-4326","post","type-post","status-publish","format-standard","has-post-thumbnail","hentry","category-deportes","category-destacado","tag-deporte-adaptado","tag-fronton","tag-paleta-goma","tag-pelota-es","tag-pelota-adaptada","tag-silla-de-ruedas","tag-tenis-paleta","tag-urretxu"],"_links":{"self":[{"href":"https:\/\/www.txantxangorri.info\/es\/wp-json\/wp\/v2\/posts\/4326","targetHints":{"allow":["GET"]}}],"collection":[{"href":"https:\/\/www.txantxangorri.info\/es\/wp-json\/wp\/v2\/posts"}],"about":[{"href":"https:\/\/www.txantxangorri.info\/es\/wp-json\/wp\/v2\/types\/post"}],"author":[{"embeddable":true,"href":"https:\/\/www.txantxangorri.info\/es\/wp-json\/wp\/v2\/users\/2"}],"replies":[{"embeddable":true,"href":"https:\/\/www.txantxangorri.info\/es\/wp-json\/wp\/v2\/comments?post=4326"}],"version-history":[{"count":3,"href":"https:\/\/www.txantxangorri.info\/es\/wp-json\/wp\/v2\/posts\/4326\/revisions"}],"predecessor-version":[{"id":4329,"href":"https:\/\/www.txantxangorri.info\/es\/wp-json\/wp\/v2\/posts\/4326\/revisions\/4329"}],"wp:featuredmedia":[{"embeddable":true,"href":"https:\/\/www.txantxangorri.info\/es\/wp-json\/wp\/v2\/media\/4323"}],"wp:attachment":[{"href":"https:\/\/www.txantxangorri.info\/es\/wp-json\/wp\/v2\/media?parent=4326"}],"wp:term":[{"taxonomy":"category","embeddable":true,"href":"https:\/\/www.txantxangorri.info\/es\/wp-json\/wp\/v2\/categories?post=4326"},{"taxonomy":"post_tag","embeddable":true,"href":"https:\/\/www.txantxangorri.info\/es\/wp-json\/wp\/v2\/tags?post=4326"}],"curies":[{"name":"wp","href":"https:\/\/api.w.org\/{rel}","templated":true}]}}