{"id":2796,"date":"2020-03-07T13:29:43","date_gmt":"2020-03-07T11:29:43","guid":{"rendered":"https:\/\/www.txantxangorri.info\/inicios-electrificacion-beasain\/"},"modified":"2023-02-17T10:41:47","modified_gmt":"2023-02-17T09:41:47","slug":"inicios-electrificacion-beasain","status":"publish","type":"post","link":"https:\/\/www.txantxangorri.info\/es\/inicios-electrificacion-beasain\/","title":{"rendered":"Los inicios de la electrificaci\u00f3n en Beasain"},"content":{"rendered":"<h2>La primera central hidroel\u00e9ctrica se construy\u00f3 hace 130 a\u00f1os en Andoain, y se extendi\u00f3 por el Oria<\/h2>\n<p><em>Mart\u00edn Garc\u00eda Garmendia<\/em><\/p>\n<p>La primera central hidroel\u00e9ctrica se instal\u00f3 en Inglaterra en 1880. Nuestra provincia siempre ha tenido un considerable potencial de aprovechamiento hidr\u00e1ulico debido a su singular orograf\u00eda. Gracias a las antiguas implantaciones de molinos y ferrer\u00edas, las peque\u00f1as centrales el\u00e9ctricas siempre han tenido una gran tradici\u00f3n asociadas a los primitivos asentamientos industriales en Gipuzkoa. Tambi\u00e9n constituyeron las bases sobre las que electrificar despu\u00e9s la mayor\u00eda de nuestras zonas rurales.<\/p>\n<p>En Gipuzkoaestas mini-centrales empezaron a funcionar a finales del siglo XIX, pero fue durante el primer tercio del siglo XX cuando se generalizaron. La primera central hidroel\u00e9ctrica del Estado se construy\u00f3 en Andoain, en 1890. Despu\u00e9s de la pol\u00edtica de rehabilitaci\u00f3n iniciada en la CAV hacia 1980, vemos que durante 1995 aun segu\u00edan funcionando en la provincia 68 mini-centrales, 26 de ellas en la cuenca (no en el curso) del r\u00edo Oria.<\/p>\n<h3><strong>Aviso de electricidad<\/strong><\/h3>\n<p>Fue el 5 de septiembre de 1904 cuando la \u2018F\u00e1brica de Vagones\u2019 de Beasain comenz\u00f3 a traer electricidad por primera vez desde su propia central de Zaldibia. Dado que eran 5.000 voltios de fuerza, se difundi\u00f3 como aviso, por bando y desde los p\u00falpitos, las oportunas advertencias para los vecinos de las poblaciones por donde transcurr\u00eda su l\u00ednea el\u00e9ctrica. Esta misma f\u00e1brica tambi\u00e9n produc\u00eda entonces energ\u00eda el\u00e9ctrica generada por su propia presa, a trav\u00e9s de una turbina sistema Francis ubicada en zona de \u2018La Porter\u00eda\u2019. Fue esta \u2018F\u00e1brica de Vagones\u2019 la que suministr\u00f3 gratuitamente a partir de entonces a Beasain y Villafranca la energ\u00eda el\u00e9ctrica que ella no consum\u00eda para el alumbrado p\u00fablico de ambos cascos urbanos.<\/p>\n<p>El 18 de enero de 1906, el ayuntamiento de Beasain aprob\u00f3 ampliar la luz p\u00fablica hasta las zonas de Igartza y Mariaratz. Comunic\u00f3 su decisi\u00f3n a la direcci\u00f3n de la F\u00e1brica de Vagones con objeto de que presupuestase su ejecuci\u00f3n, dado que, si bien la energ\u00eda que ofrec\u00eda era gratuita, los tendidos el\u00e9ctricos que ella misma sol\u00eda ejecutar eran por cuenta de los pueblos. Al a\u00f1o siguiente el alumbrado p\u00fablico que suministr\u00f3 la f\u00e1brica a Beasain ascendi\u00f3 ya a \u00ab29 l\u00e1mparas con rosca y otras 79 a bayoneta\u00bb, todas trabajando a 125 voltios y con 20 buj\u00edas de potencia cada una.<\/p>\n<p>Fue ocho a\u00f1os despu\u00e9s, cuando esta misma \u2018F\u00e1brica de Vagones\u2019 comunic\u00f3 a los ayuntamientos de Beasain y Villafranca que dejaba de suministrar luz el\u00e9ctrica por necesitarla toda para su producci\u00f3n de vagones y coches. Se hab\u00eda iniciado la Primera Guerra Mundial, los pedidos de la empresa hab\u00edan aumentado considerablemente, y la f\u00e1brica ten\u00eda muchos problemas de energ\u00eda para ultimar sus productos. Ser\u00eda a partir de entonces cuando ambos ayuntamientos empezaron a depender de \u2018Saltos del Araxes\u2019, empresa pionera en la zona en cuanto a ofrecer los primeros servicios de venta de energ\u00eda el\u00e9ctrica a los municipios.<\/p>\n<p>Poco despu\u00e9s, el 14 de octubre de 1916, Andr\u00e9s Telleria Echalecu compr\u00f3 a Mariano Garin Larra\u00f1aga un manantial y su servidumbre en el t\u00e9rmino de Astigarreta, con objeto de iniciar la construcci\u00f3n de la central el\u00e9ctrica conocida en Beasain como \u2018Makinetxe\u2019. Fue el 22 de noviembre cuando la Diputaci\u00f3n otorg\u00f3 la concesi\u00f3n de tal aprovechamiento. Esta nueva mini-central aprovechaba las aguas de escorrent\u00eda que recog\u00eda toda la vertiente Oeste de Murumendi iniciada en zona de Astigarreta hasta terminar en la muga Arriaran-Beasain donde se ubicaba dicha central. Lo hac\u00eda por medio de un canal de 4.896 metros de longitud, seg\u00fan podemos observar en el plano de conducci\u00f3n que adjuntamos. La central el\u00e9ctrica que acog\u00eda la maquinaria de producci\u00f3n, tales como las turbinas, generadores y el resto de los dispositivos y controles para producir dicha energ\u00eda era en cuanto a construcci\u00f3n la que observamos en la siguiente fotograf\u00eda.<\/p>\n<p>Esta peque\u00f1a central el\u00e9ctrica, situada en los l\u00edmites de Arriaran y Beasain, suministraba electricidad a \u2018Cer\u00e1mica de Zelaikoa\u2019, f\u00e1brica conocida popularmente como la \u2018Tejer\u00eda de Ormaiztegui\u2019. Su costo de construcci\u00f3n fue muy alto para la \u00e9poca en que surgi\u00f3, nada menos que 221.680 pesetas, el costo de unos siete u ocho caser\u00edos con sus pertenecidos en la zona. Como no pod\u00eda ser de otra manera, su due\u00f1o era el mismo que el dela f\u00e1brica de tejas ubicada en jurisdicci\u00f3n de Ormaiztegi.<\/p>\n<p>El dep\u00f3sito de dicha central, situado justo encima del caser\u00edo Itola, ten\u00eda 115 metros de longitud, ocho de anchura, 2,50 de altura y estaba ubicado sobre suelo de cayuela y revestido de hormig\u00f3n. De este enorme dep\u00f3sito prefabricado, con m\u00e1s de 2.000.000 de litros de agua de capacidad, arrancaba la tuber\u00eda de cargo hasta la \u2018Central de Makinetxe\u2019, que dispon\u00eda a su vez de llave de cierre, mecanismo de limpieza y respiradero de aire. Esta tuber\u00eda estaba construida en acero asfaltado de 0,30 metros de di\u00e1metro interior, colocada sobre zanja cubierta de tierra, con una longitud de 600 metros hasta la turbina de la central con un salto efectivo de 177,80 metros. y se acoplaba a la turbina, de sistema Pelton, de fabricaci\u00f3n alemana, marca Aume-Pesebeh B. Konegn de 120 HP de potencia, ubicada en la planta baja de Makinetxe. La turbina tambi\u00e9n estaba provista de un regulador de la misma marca que se acoplaba a su vez a un alternador el\u00e9ctrico marca ASEM de la misma potencia.<\/p>\n<p>En \u00e9poca de aguas ordinarias (casi durante siete meses al a\u00f1o), la central trabajaba sin parar durante d\u00eda y noche. Los cuatro meses restantes trabajaba durante el tiempo que el escaso caudal que manten\u00edan tanto el dep\u00f3sito como las diversas regatas canalizadas permit\u00edan. La producci\u00f3n de electricidad se reduc\u00eda en esta \u00e9poca a una escasa cuarta parte de la generada en \u00e9poca de aguas ordinarias.<\/p>\n<p>Los casi dos kil\u00f3metros de distancia que hab\u00eda entre este centro productor de energ\u00eda y la f\u00e1brica de Zelaikoa se salvaban con un tendido el\u00e9ctrico sustentado sobre postes de madera que discurr\u00edan justo por el borde la carretera. Pues bien, algunos caser\u00edos de Gudugarreta y Salbatore, tales como Itola, Salsamendi, Hirigoien, Anguio, etc., tambi\u00e9n recibieron en su momento el exceso de electricidad que dicha \u2018Tejer\u00eda de Ormaiztegi\u2019 por las noches no consum\u00eda.<\/p>\n<p>De esta forma, muy lentamente, se fue gestando aqu\u00ed la electrificaci\u00f3n de las distintas zonas rurales, casi siempre con el concurso de viejos complejos molineros y empresas que iniciaban su andadura con esa nueva energ\u00eda que tanto promet\u00eda; y, aunque todo parezca tan lejano, apenas estamos hablando de hace un siglo.<\/p>\n<p><script async src=\"https:\/\/pagead2.googlesyndication.com\/pagead\/js\/adsbygoogle.js?client=ca-pub-6348378977885706\" crossorigin=\"anonymous\"><\/script><br \/>\n<!-- Iragarki laukia --><br \/>\n<ins class=\"adsbygoogle\" style=\"display: block;\" data-ad-client=\"ca-pub-6348378977885706\" data-ad-slot=\"9831795080\" data-ad-format=\"auto\" data-full-width-responsive=\"true\"><\/ins><br \/>\n<script>\n     (adsbygoogle = window.adsbygoogle || []).push({});\n<\/script><\/p>\n","protected":false},"excerpt":{"rendered":"<p>Hace 130 a\u00f1os que se construy\u00f3 la primera central hidroel\u00e9ctrica, y lleg\u00f3 en 1904 al Goierri de la mano de la CAF de Beasain<\/p>\n","protected":false},"author":2,"featured_media":2213,"comment_status":"open","ping_status":"closed","sticky":false,"template":"","format":"standard","meta":{"footnotes":""},"categories":[470,469],"tags":[606,831,552,589,893,832,833,834,634],"class_list":["post-2796","post","type-post","status-publish","format-standard","has-post-thumbnail","hentry","category-cultura","category-destacado","tag-arkaka-es","tag-astigarreta-es","tag-beasain-es","tag-electrificacion","tag-goierri-es","tag-martin-garcia-garmendia-es","tag-oria-es","tag-ormaiztegi-es","tag-txantxangorri-aldizkaria-100-es"],"_links":{"self":[{"href":"https:\/\/www.txantxangorri.info\/es\/wp-json\/wp\/v2\/posts\/2796","targetHints":{"allow":["GET"]}}],"collection":[{"href":"https:\/\/www.txantxangorri.info\/es\/wp-json\/wp\/v2\/posts"}],"about":[{"href":"https:\/\/www.txantxangorri.info\/es\/wp-json\/wp\/v2\/types\/post"}],"author":[{"embeddable":true,"href":"https:\/\/www.txantxangorri.info\/es\/wp-json\/wp\/v2\/users\/2"}],"replies":[{"embeddable":true,"href":"https:\/\/www.txantxangorri.info\/es\/wp-json\/wp\/v2\/comments?post=2796"}],"version-history":[{"count":6,"href":"https:\/\/www.txantxangorri.info\/es\/wp-json\/wp\/v2\/posts\/2796\/revisions"}],"predecessor-version":[{"id":4202,"href":"https:\/\/www.txantxangorri.info\/es\/wp-json\/wp\/v2\/posts\/2796\/revisions\/4202"}],"wp:featuredmedia":[{"embeddable":true,"href":"https:\/\/www.txantxangorri.info\/es\/wp-json\/wp\/v2\/media\/2213"}],"wp:attachment":[{"href":"https:\/\/www.txantxangorri.info\/es\/wp-json\/wp\/v2\/media?parent=2796"}],"wp:term":[{"taxonomy":"category","embeddable":true,"href":"https:\/\/www.txantxangorri.info\/es\/wp-json\/wp\/v2\/categories?post=2796"},{"taxonomy":"post_tag","embeddable":true,"href":"https:\/\/www.txantxangorri.info\/es\/wp-json\/wp\/v2\/tags?post=2796"}],"curies":[{"name":"wp","href":"https:\/\/api.w.org\/{rel}","templated":true}]}}